{"id":9966,"date":"2021-01-28T23:55:06","date_gmt":"2021-01-29T02:55:06","guid":{"rendered":"https:\/\/tvc16.com\/portal\/?p=9966"},"modified":"2021-01-28T23:55:08","modified_gmt":"2021-01-29T02:55:08","slug":"bolsonaro-caixa-vai-abrir-75-novas-agencias-no-pais","status":"publish","type":"post","link":"https:\/\/tvc16.com\/portal\/2021\/01\/28\/bolsonaro-caixa-vai-abrir-75-novas-agencias-no-pais\/","title":{"rendered":"Bolsonaro: Caixa vai abrir 75 novas ag\u00eancias no pa\u00eds"},"content":{"rendered":"\n<h3 class=\"wp-block-heading\">Maior parte das unidades ser\u00e1 instalada no Norte e Nordeste<\/h3>\n\n\n\n<p>Na contram\u00e3o da maior parte dos bancos privados, a Caixa Econ\u00f4mica Federal vai abrir 75 novas ag\u00eancias no pa\u00eds \u2013 a maioria em estados das regi\u00f5es Norte e Nordeste. O an\u00fancio foi feito pelo presidente da entidade, Pedro Guimar\u00e3es, durante&nbsp;<em>live<\/em>&nbsp;semanal do presidente Jair Bolsonaro nas redes sociais.<img decoding=\"async\" src=\"https:\/\/agenciabrasil.ebc.com.br\/ebc.png?id=1399984&amp;o=node\"><img decoding=\"async\" src=\"https:\/\/agenciabrasil.ebc.com.br\/ebc.gif?id=1399984&amp;o=node\"><\/p>\n\n\n\n<p>&#8220;Em cidades acima de 40 mil habitantes que, por ventura, ainda n\u00e3o tenham ag\u00eancias da Caixa, at\u00e9 o final desse semestre, a Caixa&nbsp;ter\u00e1 uma ag\u00eancia nesses munic\u00edpios&#8221;, destacou Bolsonaro<\/p>\n\n\n\n<p>O presidente da Caixa lembrou do papel social que as novas unidades&nbsp;ter\u00e3o nessas localidades. &#8220;N\u00e3o s\u00f3 s\u00e3o cidades com mais de 40 mil habitantes, ent\u00e3o, foi uma escolha matem\u00e1tica, mas s\u00e3o cidades muito carentes. Na m\u00e9dia, R$ 7 mil de PIB [Produto Interno Bruto per capita] por ano, enquanto o do Brasil \u00e9 ao redor de R$ 33 mil&#8221;, afirmou.<\/p>\n\n\n\n<p>A expectativa \u00e9 que as novas ag\u00eancias comecem a abrir as portas em cerca de tr\u00eas meses. Parte das unidades no Centro-Oeste e no Sudeste ser\u00e1 exclusiva para o segmento do agroneg\u00f3cio. A Caixa tamb\u00e9m deve multiplicar em mais de cinco vezes o volume de cr\u00e9dito disponibilizado para o setor.<\/p>\n\n\n\n<p>&#8220;A gente quer aumentar nossa carteira agr\u00edcola de R$ 7 bilh\u00f5es para R$ 40 bilh\u00f5es&#8221;, disse Pedro Guimar\u00e3es.&nbsp;<\/p>\n\n\n\n<h2 class=\"wp-block-heading\">Caminhoneiros<\/h2>\n\n\n\n<p>Ainda durante a&nbsp;<em>live<\/em>, Bolsonaro voltou a falar sobre uma poss\u00edvel&nbsp;<a href=\"https:\/\/agenciabrasil.ebc.com.br\/economia\/noticia\/2021-01\/bolsonaro-apela-para-que-caminhoneiros-nao-facam-greve\" target=\"_blank\" rel=\"noreferrer noopener\">greve<\/a>&nbsp;dos caminhoneiros&nbsp;e disse que h\u00e1 obst\u00e1culos para a redu\u00e7\u00e3o no pre\u00e7o do diesel, principal reivindica\u00e7\u00e3o da categoria.<\/p>\n\n\n\n<p>Segundo o presidente, umas das possibilidades seria reduzir em 9 centavos o pre\u00e7o do imposto federal que incide sobre o combust\u00edvel, mas o Minist\u00e9rio da Economia avaliou que a medida poderia penalizar outros setores.&nbsp;<\/p>\n\n\n\n<p>&#8220;O imposto federal que existe [sobre o diesel] \u00e9 o PIS\/Cofins, que j\u00e1 tirou uma parte e est\u00e1 em 33 centavos [por litro]. Ent\u00e3o, procurei a equipe econ\u00f4mica pra gente anular 9 centavos no diesel. Agora, cada centavo para diminuir no diesel, eu tive que buscar receita em outro local \u2013 ou criar um imposto ou aumentar outros impostos. E cada centavo no diesel equivale a 800 milh\u00f5es de reais por ano&#8221;, argumentou.<\/p>\n\n\n\n<p>&#8220;Eu n\u00e3o sei se \u00e9 poss\u00edvel ou n\u00e3o, quem fala de economia \u00e9 o Paulo Guedes. Eu levo sugest\u00f5es pra ele, ele analisa, levando em conta o mercado, a economia do mundo todo. Mas seria muito bom se n\u00f3s pud\u00e9ssemos diminuir e n\u00e3o aumentar alguns impostos de acordo com o interesse p\u00fablico&#8221;, acrescentou.\u00a0<\/p>\n\n\n\n<p>Por Pedro Rafael Vilela &#8211; Rep\u00f3rter da Ag\u00eancia Brasil &#8211; Bras\u00edlia<\/p>\n\n\n\n<p>Edi\u00e7\u00e3o: Paula Laboissi\u00e8re<\/p>\n","protected":false},"excerpt":{"rendered":"<p>Maior parte das unidades ser\u00e1 instalada no Norte e Nordeste Na contram\u00e3o da maior parte<\/p>\n","protected":false},"author":2,"featured_media":0,"comment_status":"open","ping_status":"open","sticky":false,"template":"","format":"standard","meta":{"footnotes":""},"categories":[17],"tags":[],"class_list":["post-9966","post","type-post","status-publish","format-standard","hentry","category-outras-noticias"],"_links":{"self":[{"href":"https:\/\/tvc16.com\/portal\/wp-json\/wp\/v2\/posts\/9966","targetHints":{"allow":["GET"]}}],"collection":[{"href":"https:\/\/tvc16.com\/portal\/wp-json\/wp\/v2\/posts"}],"about":[{"href":"https:\/\/tvc16.com\/portal\/wp-json\/wp\/v2\/types\/post"}],"author":[{"embeddable":true,"href":"https:\/\/tvc16.com\/portal\/wp-json\/wp\/v2\/users\/2"}],"replies":[{"embeddable":true,"href":"https:\/\/tvc16.com\/portal\/wp-json\/wp\/v2\/comments?post=9966"}],"version-history":[{"count":1,"href":"https:\/\/tvc16.com\/portal\/wp-json\/wp\/v2\/posts\/9966\/revisions"}],"predecessor-version":[{"id":9968,"href":"https:\/\/tvc16.com\/portal\/wp-json\/wp\/v2\/posts\/9966\/revisions\/9968"}],"wp:attachment":[{"href":"https:\/\/tvc16.com\/portal\/wp-json\/wp\/v2\/media?parent=9966"}],"wp:term":[{"taxonomy":"category","embeddable":true,"href":"https:\/\/tvc16.com\/portal\/wp-json\/wp\/v2\/categories?post=9966"},{"taxonomy":"post_tag","embeddable":true,"href":"https:\/\/tvc16.com\/portal\/wp-json\/wp\/v2\/tags?post=9966"}],"curies":[{"name":"wp","href":"https:\/\/api.w.org\/{rel}","templated":true}]}}