{"id":99663,"date":"2025-02-24T10:59:35","date_gmt":"2025-02-24T13:59:35","guid":{"rendered":"https:\/\/tvc16.com\/portal\/?p=99663"},"modified":"2025-02-24T11:00:17","modified_gmt":"2025-02-24T14:00:17","slug":"defesa-civil-apoia-campanha-de-doacao-de-sangue","status":"publish","type":"post","link":"https:\/\/tvc16.com\/portal\/2025\/02\/24\/defesa-civil-apoia-campanha-de-doacao-de-sangue\/","title":{"rendered":"Defesa Civil apoia campanha de doa\u00e7\u00e3o de sangue"},"content":{"rendered":"\n<p><em>Por conta do Carnaval, doa\u00e7\u00f5es reduzem neste per\u00edodo do ano<\/em><\/p>\n\n\n\n<p>Para ajudar a elevar os estoques do Banco de Sangue, a Secretaria de Prote\u00e7\u00e3o e Defesa Civil se mobilizou na manh\u00e3 da \u00faltima sexta-feira (21) para fazer doa\u00e7\u00f5es. Nesta \u00e9poca do ano, por conta do Carnaval, as doa\u00e7\u00f5es reduzem, deixando os estoques abaixo do n\u00edvel ideal.<\/p>\n\n\n\n<p>\u201cEsta \u00e9 uma \u00e9poca do ano em que h\u00e1 uma grande demanda, com o aumento no n\u00famero de acidentes, por isso \u00e9 importante esse tipo de mobiliza\u00e7\u00e3o para que os estoques no banco de sangue possam atender a esse aumento da demanda\u201d, disse o secret\u00e1rio de Prote\u00e7\u00e3o e Defesa Civil, Guilherme Moraes. \u201cA equipe da DC abra\u00e7ou essa causa que \u00e9 muito importante\u201d.<\/p>\n\n\n\n<p>Para fazer a doa\u00e7\u00e3o de sangue n\u00e3o precisa agendar e nem estar em jejum. O Banco de Sangue fica na Rua Doutor Paulo Herv\u00ea, 1130 \u2013 Bingen, e atende todos os dias, das 07h \u00e0s 18h (inclusive s\u00e1bados, domingos e feriados).<\/p>\n\n\n\n<p><strong>O que voc\u00ea precisa para doar sangue?<\/strong><\/p>\n\n\n\n<ul class=\"wp-block-list\">\n<li>Apresentar um documento oficial com foto (RG, CNH, etc.) em bom estado de conserva\u00e7\u00e3o<\/li>\n\n\n\n<li>Ter idade entre 16 e 69 anos desde que a primeira doa\u00e7\u00e3o seja realizada at\u00e9 os 60 anos (menores de idade precisam de autoriza\u00e7\u00e3o e presen\u00e7a dos pais no momento da doa\u00e7\u00e3o)<\/li>\n\n\n\n<li>N\u00e3o \u00e9 permitido realizar doa\u00e7\u00e3o acompanhado de menores de 12 anos (exceto se o menor estiver acompanhado de dois adultos, sendo necess\u00e1rio o revezamento dos mesmos enquanto acontece a doa\u00e7\u00e3o)<\/li>\n\n\n\n<li>Estar em boas condi\u00e7\u00f5es de sa\u00fade<\/li>\n\n\n\n<li>Pesar no m\u00ednimo 50 kg<\/li>\n\n\n\n<li>N\u00e3o ter feito uso de bebida alco\u00f3lica nas \u00faltimas 12 horas<\/li>\n\n\n\n<li>Ap\u00f3s o almo\u00e7o ou ingest\u00e3o de alimentos gordurosos, aguardar 3 horas. N\u00e3o \u00e9 necess\u00e1rio estar em jejum desde que evite alimentos gordurosos<\/li>\n\n\n\n<li>Se fez tatuagem e\/ou piercing, aguardar 12 meses. Exceto para regi\u00e3o genital e l\u00edngua (12 meses ap\u00f3s a retirada)<\/li>\n\n\n\n<li>Em caso de diabetes, dever\u00e1 estar controlada e n\u00e3o fazer uso de insulina<\/li>\n\n\n\n<li>Se passou por endoscopia ou procedimento endosc\u00f3pico, aguardar 6 meses<\/li>\n\n\n\n<li>N\u00e3o ter tido Doen\u00e7a de Chagas<\/li>\n\n\n\n<li>N\u00e3o ter tido Infec\u00e7\u00f5es Sexualmente Transmiss\u00edveis (IST)<\/li>\n\n\n\n<li>Quem apresenta sintomas de gripe e\/ou resfriado deve aguardar 7 dias ap\u00f3s cessarem os sintomas e o uso das medica\u00e7\u00f5es<\/li>\n\n\n\n<li>Aguardar 48h para doar caso tenha tomado a vacina da gripe, desde que n\u00e3o esteja com nenhum sintoma<\/li>\n\n\n\n<li>Em caso de viagens para fora do estado de origem, \u00e9 necess\u00e1rio entrar em contato com o Banco de Sangue para saber se est\u00e1 apto para doa\u00e7\u00e3o<\/li>\n\n\n\n<li>Consulte a equipe do banco de sangue em casos de hipertens\u00e3o, uso de medicamentos, cirurgias e Covid<\/li>\n<\/ul>\n","protected":false},"excerpt":{"rendered":"<p>Por conta do Carnaval, doa\u00e7\u00f5es reduzem neste per\u00edodo do ano Para ajudar a elevar os<\/p>\n","protected":false},"author":2,"featured_media":99664,"comment_status":"open","ping_status":"open","sticky":false,"template":"","format":"standard","meta":{"footnotes":""},"categories":[12],"tags":[],"class_list":["post-99663","post","type-post","status-publish","format-standard","has-post-thumbnail","hentry","category-cidade"],"_links":{"self":[{"href":"https:\/\/tvc16.com\/portal\/wp-json\/wp\/v2\/posts\/99663","targetHints":{"allow":["GET"]}}],"collection":[{"href":"https:\/\/tvc16.com\/portal\/wp-json\/wp\/v2\/posts"}],"about":[{"href":"https:\/\/tvc16.com\/portal\/wp-json\/wp\/v2\/types\/post"}],"author":[{"embeddable":true,"href":"https:\/\/tvc16.com\/portal\/wp-json\/wp\/v2\/users\/2"}],"replies":[{"embeddable":true,"href":"https:\/\/tvc16.com\/portal\/wp-json\/wp\/v2\/comments?post=99663"}],"version-history":[{"count":2,"href":"https:\/\/tvc16.com\/portal\/wp-json\/wp\/v2\/posts\/99663\/revisions"}],"predecessor-version":[{"id":99666,"href":"https:\/\/tvc16.com\/portal\/wp-json\/wp\/v2\/posts\/99663\/revisions\/99666"}],"wp:featuredmedia":[{"embeddable":true,"href":"https:\/\/tvc16.com\/portal\/wp-json\/wp\/v2\/media\/99664"}],"wp:attachment":[{"href":"https:\/\/tvc16.com\/portal\/wp-json\/wp\/v2\/media?parent=99663"}],"wp:term":[{"taxonomy":"category","embeddable":true,"href":"https:\/\/tvc16.com\/portal\/wp-json\/wp\/v2\/categories?post=99663"},{"taxonomy":"post_tag","embeddable":true,"href":"https:\/\/tvc16.com\/portal\/wp-json\/wp\/v2\/tags?post=99663"}],"curies":[{"name":"wp","href":"https:\/\/api.w.org\/{rel}","templated":true}]}}