{"id":99677,"date":"2025-02-25T05:00:00","date_gmt":"2025-02-25T08:00:00","guid":{"rendered":"https:\/\/tvc16.com\/portal\/?p=99677"},"modified":"2025-02-24T11:17:07","modified_gmt":"2025-02-24T14:17:07","slug":"prefeitura-se-reune-com-comunidade-do-vale-do-cuiaba-e-boa-esperanca-para-ouvir-demandas-e-apresentar-solucoes","status":"publish","type":"post","link":"https:\/\/tvc16.com\/portal\/2025\/02\/25\/prefeitura-se-reune-com-comunidade-do-vale-do-cuiaba-e-boa-esperanca-para-ouvir-demandas-e-apresentar-solucoes\/","title":{"rendered":"Prefeitura se re\u00fane com comunidade do Vale do Cuiab\u00e1 e Boa Esperan\u00e7a para ouvir demandas e apresentar solu\u00e7\u00f5es"},"content":{"rendered":"\n<p>Representantes da Prefeitura e da Companhia Municipal de Desenvolvimento de Petr\u00f3polis (Comdep) realizaram uma visita \u00e0s regi\u00f5es do Vale do Cuiab\u00e1 e Boa Esperan\u00e7a para ouvir as demandas de moradores, empres\u00e1rios e comerciantes da regi\u00e3o. O objetivo foi estreitar o di\u00e1logo com a comunidade e discutir melhorias para a infraestrutura da \u00e1rea. O encontro aconteceu na manh\u00e3 de sexta-feira (21). O vereador J\u00fanior Coruja, presidente da C\u00e2mara Municipal, tamb\u00e9m acompanhou a visita.<\/p>\n\n\n\n<p>\u201cNossa equipe fez essa visita com o objetivo de ouvir as necessidades das comunidades e discutir com moradores, empres\u00e1rios e comerciantes melhorias na infraestrutura da regi\u00e3o. O mesmo ser\u00e1 feito em outras comunidades, pois nossa inten\u00e7\u00e3o \u00e9 estar mais perto da popula\u00e7\u00e3o, ouvir as demandas e buscar solu\u00e7\u00f5es\u201d, afirmou o prefeito Hingo Hammes.<\/p>\n\n\n\n<p>A visita foi marcada por um di\u00e1logo aberto, onde os moradores puderam expressar suas preocupa\u00e7\u00f5es e sugerir melhorias. Al\u00e9m disso, a presidente da Comdep, Fernanda Ferreira, aproveitou para anunciar a amplia\u00e7\u00e3o do servi\u00e7o de coleta seletiva na regi\u00e3o. Ela ressaltou que o servi\u00e7o ser\u00e1 disponibilizado de forma gradual e adaptada \u00e0s necessidades locais, com o objetivo de garantir a efetividade da a\u00e7\u00e3o.<\/p>\n\n\n\n<p>&#8220;A coleta seletiva ser\u00e1 ampliada para atender a essas regi\u00f5es, e nossa prioridade \u00e9 oferecer um servi\u00e7o que realmente fa\u00e7a a diferen\u00e7a no dia a dia dos moradores. A sustentabilidade \u00e9 uma das nossas metas, e a amplia\u00e7\u00e3o da coleta seletiva \u00e9 apenas um dos passos para melhorar a qualidade de vida de todos&#8221;, disse Fernanda Ferreira.<\/p>\n\n\n\n<p>O vereador J\u00fanior Coruja falou sobre a import\u00e2ncia de envolver a comunidade nas discuss\u00f5es sobre o meio ambiente. &#8220;A preserva\u00e7\u00e3o ambiental deve ser uma prioridade para todos n\u00f3s. Ouvir as demandas dos moradores \u00e9 essencial para entendermos como podemos melhorar os servi\u00e7os de forma eficaz e sustent\u00e1vel&#8221;, afirmou Coruja.<\/p>\n","protected":false},"excerpt":{"rendered":"<p>Representantes da Prefeitura e da Companhia Municipal de Desenvolvimento de Petr\u00f3polis (Comdep) realizaram uma visita<\/p>\n","protected":false},"author":2,"featured_media":99678,"comment_status":"open","ping_status":"open","sticky":false,"template":"","format":"standard","meta":{"footnotes":""},"categories":[12],"tags":[],"class_list":["post-99677","post","type-post","status-publish","format-standard","has-post-thumbnail","hentry","category-cidade"],"_links":{"self":[{"href":"https:\/\/tvc16.com\/portal\/wp-json\/wp\/v2\/posts\/99677","targetHints":{"allow":["GET"]}}],"collection":[{"href":"https:\/\/tvc16.com\/portal\/wp-json\/wp\/v2\/posts"}],"about":[{"href":"https:\/\/tvc16.com\/portal\/wp-json\/wp\/v2\/types\/post"}],"author":[{"embeddable":true,"href":"https:\/\/tvc16.com\/portal\/wp-json\/wp\/v2\/users\/2"}],"replies":[{"embeddable":true,"href":"https:\/\/tvc16.com\/portal\/wp-json\/wp\/v2\/comments?post=99677"}],"version-history":[{"count":1,"href":"https:\/\/tvc16.com\/portal\/wp-json\/wp\/v2\/posts\/99677\/revisions"}],"predecessor-version":[{"id":99679,"href":"https:\/\/tvc16.com\/portal\/wp-json\/wp\/v2\/posts\/99677\/revisions\/99679"}],"wp:featuredmedia":[{"embeddable":true,"href":"https:\/\/tvc16.com\/portal\/wp-json\/wp\/v2\/media\/99678"}],"wp:attachment":[{"href":"https:\/\/tvc16.com\/portal\/wp-json\/wp\/v2\/media?parent=99677"}],"wp:term":[{"taxonomy":"category","embeddable":true,"href":"https:\/\/tvc16.com\/portal\/wp-json\/wp\/v2\/categories?post=99677"},{"taxonomy":"post_tag","embeddable":true,"href":"https:\/\/tvc16.com\/portal\/wp-json\/wp\/v2\/tags?post=99677"}],"curies":[{"name":"wp","href":"https:\/\/api.w.org\/{rel}","templated":true}]}}