{"id":99680,"date":"2025-02-24T11:19:28","date_gmt":"2025-02-24T14:19:28","guid":{"rendered":"https:\/\/tvc16.com\/portal\/?p=99680"},"modified":"2025-02-24T11:19:31","modified_gmt":"2025-02-24T14:19:31","slug":"meia-maratona-de-petropolis-abre-inscricoes-para-2a-edicao","status":"publish","type":"post","link":"https:\/\/tvc16.com\/portal\/2025\/02\/24\/meia-maratona-de-petropolis-abre-inscricoes-para-2a-edicao\/","title":{"rendered":"Meia Maratona de Petr\u00f3polis abre inscri\u00e7\u00f5es para 2\u00aa edi\u00e7\u00e3o"},"content":{"rendered":"\n<p>A Meia Maratona de Petr\u00f3polis ter\u00e1 sua segunda edi\u00e7\u00e3o em agosto de 2025. Com percursos de 7 km e 21 km, a prova se firma no calend\u00e1rio esportivo da regi\u00e3o e busca atrair corredores de diferentes n\u00edveis. As inscri\u00e7\u00f5es ser\u00e3o abertas no dia 24 de fevereiro, e todas as informa\u00e7\u00f5es sobre kits, categorias e detalhes dos percursos estar\u00e3o dispon\u00edveis no perfil oficial do evento no Instagram (@meiadepetropolis).<\/p>\n\n\n\n<p>A primeira edi\u00e7\u00e3o reuniu atletas de diversas cidades e contou com um percurso considerado um dos mais r\u00e1pidos do Brasil. Para 2025, a organiza\u00e7\u00e3o trabalha em ajustes e melhorias na estrutura, no suporte aos corredores e na experi\u00eancia do p\u00fablico.<\/p>\n","protected":false},"excerpt":{"rendered":"<p>A Meia Maratona de Petr\u00f3polis ter\u00e1 sua segunda edi\u00e7\u00e3o em agosto de 2025. Com percursos<\/p>\n","protected":false},"author":2,"featured_media":99681,"comment_status":"open","ping_status":"open","sticky":false,"template":"","format":"standard","meta":{"footnotes":""},"categories":[12],"tags":[],"class_list":["post-99680","post","type-post","status-publish","format-standard","has-post-thumbnail","hentry","category-cidade"],"_links":{"self":[{"href":"https:\/\/tvc16.com\/portal\/wp-json\/wp\/v2\/posts\/99680","targetHints":{"allow":["GET"]}}],"collection":[{"href":"https:\/\/tvc16.com\/portal\/wp-json\/wp\/v2\/posts"}],"about":[{"href":"https:\/\/tvc16.com\/portal\/wp-json\/wp\/v2\/types\/post"}],"author":[{"embeddable":true,"href":"https:\/\/tvc16.com\/portal\/wp-json\/wp\/v2\/users\/2"}],"replies":[{"embeddable":true,"href":"https:\/\/tvc16.com\/portal\/wp-json\/wp\/v2\/comments?post=99680"}],"version-history":[{"count":1,"href":"https:\/\/tvc16.com\/portal\/wp-json\/wp\/v2\/posts\/99680\/revisions"}],"predecessor-version":[{"id":99682,"href":"https:\/\/tvc16.com\/portal\/wp-json\/wp\/v2\/posts\/99680\/revisions\/99682"}],"wp:featuredmedia":[{"embeddable":true,"href":"https:\/\/tvc16.com\/portal\/wp-json\/wp\/v2\/media\/99681"}],"wp:attachment":[{"href":"https:\/\/tvc16.com\/portal\/wp-json\/wp\/v2\/media?parent=99680"}],"wp:term":[{"taxonomy":"category","embeddable":true,"href":"https:\/\/tvc16.com\/portal\/wp-json\/wp\/v2\/categories?post=99680"},{"taxonomy":"post_tag","embeddable":true,"href":"https:\/\/tvc16.com\/portal\/wp-json\/wp\/v2\/tags?post=99680"}],"curies":[{"name":"wp","href":"https:\/\/api.w.org\/{rel}","templated":true}]}}