{"id":99687,"date":"2025-02-24T11:24:47","date_gmt":"2025-02-24T14:24:47","guid":{"rendered":"https:\/\/tvc16.com\/portal\/?p=99687"},"modified":"2025-02-24T11:24:50","modified_gmt":"2025-02-24T14:24:50","slug":"hospital-santa-teresa-aponta-valores-devidos-pela-prefeitura","status":"publish","type":"post","link":"https:\/\/tvc16.com\/portal\/2025\/02\/24\/hospital-santa-teresa-aponta-valores-devidos-pela-prefeitura\/","title":{"rendered":"Hospital Santa Teresa aponta valores devidos pela Prefeitura"},"content":{"rendered":"\n<p><em>Por Gabriel Rattes<\/em><\/p>\n\n\n\n<p>Em manifesta\u00e7\u00e3o \u00e0 Justi\u00e7a, a Rede Santa Catarina, respons\u00e1vel pelo Hospital Santa Teresa (HST) em Petr\u00f3polis, apresentou um d\u00e9ficit financeiro no ano de 2024 de mais de R$ 6,6 milh\u00f5es. No documento anexado nesta sexta-feira (21), o hospital tamb\u00e9m apresenta uma inadimpl\u00eancia por parte da Prefeitura no valor de R$ 16,5 milh\u00f5es, heran\u00e7a da gest\u00e3o do ex-prefeito Rubens Bomtempo. O processo em quest\u00e3o \u00e9 sobre a continuidade do conv\u00eanio SUS entre o HST e o Munic\u00edpio de Petr\u00f3polis. Dado os valores apresentados e a situa\u00e7\u00e3o financeira &#8220;insustent\u00e1vel&#8221; que se encontra o hospital, a Rede Santa Catarina pediu para que seja realizado o pagamento imediato dos valores devidos, caso contr\u00e1rio, seja realizada a penhora de ativos financeiros banc\u00e1rios da municipalidade e do estado.<\/p>\n\n\n\n<p>Procurada pelo Jornal Correio Petropolitano, a Prefeitura de Petr\u00f3polis, atrav\u00e9s da Secretaria Municipal de Sa\u00fade, informou que est\u00e1 empenhando todos os esfor\u00e7os para renovar o conv\u00eanio com o Hospital Santa Teresa. No entanto, a negocia\u00e7\u00e3o est\u00e1 judicializada e as solu\u00e7\u00f5es para o impasse ser\u00e3o apresentadas em ju\u00edzo.<\/p>\n\n\n\n<p><strong>Entenda o caso<\/strong><\/p>\n\n\n\n<p>Foi realizada uma reuni\u00e3o na 4\u00aa Vara C\u00edvel de Petr\u00f3polis, no dia 11 de fevereiro, com o objetivo de tratar sobre o conv\u00eanio de presta\u00e7\u00e3o de servi\u00e7os ao Sistema \u00danico de Sa\u00fade (SUS) celebrado entre a Prefeitura de Petr\u00f3polis e o Hospital Santa Teresa (HST), em raz\u00e3o do t\u00e9rmino da vig\u00eancia previsto para 30 de abril de 2025. Ap\u00f3s quase cinco horas de audi\u00eancia, debates de diversos temas e declara\u00e7\u00f5es de alguns participantes, foi dado prazo para a Rede Santa Catarina apresentar sua manifesta\u00e7\u00e3o escrita, considerando o decorrer da hora.<\/p>\n\n\n\n<p>Durante a audi\u00eancia do dia 11, o HST j\u00e1 havia apresentado uma inadimpl\u00eancia de R$ 16.591.863,98 deixada pela gest\u00e3o do ex-prefeito Rubens Bomtempo. Durante o encontro a atual administra\u00e7\u00e3o municipal informou que pagou em fevereiro deste ano cerca de R$ 1.772.098,05 deste valor. Agora com a nova manifesta\u00e7\u00e3o, o hospital complementou os dados, informando que em 2024 teve um d\u00e9ficit financeiro de R$ 6.681.000,00. Tamb\u00e9m apontou os d\u00e9ficits de 2022 e 2023, que foram R$ 26.932.000,00 e R$ 16.095.0000,00, respectivamente. &#8220;A atual situa\u00e7\u00e3o financeira se tornou insustent\u00e1vel, tornando imprescind\u00edvel uma solu\u00e7\u00e3o c\u00e9lere&#8221;, apontou o hospital no documento.<\/p>\n\n\n\n<p>O HST tamb\u00e9m esclareceu que n\u00e3o recebeu qualquer investimento pelo Minist\u00e9rio da Sa\u00fade para investimento em equipamentos de servi\u00e7os n\u00e3o relacionados ao SUS. Sobre as filas no servi\u00e7o, o hospital afirmou que &#8220;os servi\u00e7os de Sa\u00fade SUS s\u00e3o regulados pelo Estado e\/ou Munic\u00edpio, sendo que a demanda de pacientes \u00e9 maior que o n\u00famero contratualizado com o HST, o que faz com que sempre existam pacientes na fila&#8221;.<\/p>\n\n\n\n<p>Ao final da manifesta\u00e7\u00e3o, a Rede Santa Catarina reafirmou o interesse em continuar prestando o servi\u00e7o na cidade. Entretanto, ressaltou que a regulariza\u00e7\u00e3o dos valores em atraso pela Secretaria Municipal de Sa\u00fade, bem como o aporte financeiro necess\u00e1rio para a equaliza\u00e7\u00e3o do d\u00e9ficit, s\u00e3o medidas &#8220;imprescind\u00edveis&#8221; e &#8220;urgentes&#8221;. &#8220;Diante da gravidade da situa\u00e7\u00e3o, reiteramos a necessidade de pagamento imediato e, na hip\u00f3tese de n\u00e3o pagamento, o sequestro de valores das contas p\u00fablicas&#8221;, diz um trecho do documento enviado pela associa\u00e7\u00e3o.<\/p>\n","protected":false},"excerpt":{"rendered":"<p>Por Gabriel Rattes Em manifesta\u00e7\u00e3o \u00e0 Justi\u00e7a, a Rede Santa Catarina, respons\u00e1vel pelo Hospital Santa<\/p>\n","protected":false},"author":2,"featured_media":99018,"comment_status":"open","ping_status":"open","sticky":false,"template":"","format":"standard","meta":{"footnotes":""},"categories":[12],"tags":[],"class_list":["post-99687","post","type-post","status-publish","format-standard","has-post-thumbnail","hentry","category-cidade"],"_links":{"self":[{"href":"https:\/\/tvc16.com\/portal\/wp-json\/wp\/v2\/posts\/99687","targetHints":{"allow":["GET"]}}],"collection":[{"href":"https:\/\/tvc16.com\/portal\/wp-json\/wp\/v2\/posts"}],"about":[{"href":"https:\/\/tvc16.com\/portal\/wp-json\/wp\/v2\/types\/post"}],"author":[{"embeddable":true,"href":"https:\/\/tvc16.com\/portal\/wp-json\/wp\/v2\/users\/2"}],"replies":[{"embeddable":true,"href":"https:\/\/tvc16.com\/portal\/wp-json\/wp\/v2\/comments?post=99687"}],"version-history":[{"count":1,"href":"https:\/\/tvc16.com\/portal\/wp-json\/wp\/v2\/posts\/99687\/revisions"}],"predecessor-version":[{"id":99689,"href":"https:\/\/tvc16.com\/portal\/wp-json\/wp\/v2\/posts\/99687\/revisions\/99689"}],"wp:featuredmedia":[{"embeddable":true,"href":"https:\/\/tvc16.com\/portal\/wp-json\/wp\/v2\/media\/99018"}],"wp:attachment":[{"href":"https:\/\/tvc16.com\/portal\/wp-json\/wp\/v2\/media?parent=99687"}],"wp:term":[{"taxonomy":"category","embeddable":true,"href":"https:\/\/tvc16.com\/portal\/wp-json\/wp\/v2\/categories?post=99687"},{"taxonomy":"post_tag","embeddable":true,"href":"https:\/\/tvc16.com\/portal\/wp-json\/wp\/v2\/tags?post=99687"}],"curies":[{"name":"wp","href":"https:\/\/api.w.org\/{rel}","templated":true}]}}