{"id":9969,"date":"2021-01-28T23:58:02","date_gmt":"2021-01-29T02:58:02","guid":{"rendered":"https:\/\/tvc16.com\/portal\/?p=9969"},"modified":"2021-01-28T23:58:05","modified_gmt":"2021-01-29T02:58:05","slug":"justica-suspende-retomada-de-aulas-presenciais-em-sao-paulo","status":"publish","type":"post","link":"https:\/\/tvc16.com\/portal\/2021\/01\/28\/justica-suspende-retomada-de-aulas-presenciais-em-sao-paulo\/","title":{"rendered":"Justi\u00e7a suspende retomada de aulas presenciais em S\u00e3o Paulo"},"content":{"rendered":"\n<h3 class=\"wp-block-heading\">Decis\u00e3o abrange localidades em \u00e1reas sujeitas a maiores restri\u00e7\u00f5es<\/h3>\n\n\n\n<h4 class=\"wp-block-heading\"><\/h4>\n\n\n\n<p>A 9\u00aa Vara da Fazenda P\u00fablica da capital do Tribunal de Justi\u00e7a de S\u00e3o Paulo suspendeu hoje (28) a retomada de aulas e atividades presenciais nas escolas p\u00fablicas, privadas, estaduais e municipais. A decis\u00e3o vale para as localidades em \u00e1reas classificadas nas fases vermelha e laranja do Plano S\u00e3o Paulo, que s\u00e3o de alerta m\u00e1ximo e de controle.<img decoding=\"async\" src=\"https:\/\/agenciabrasil.ebc.com.br\/ebc.png?id=1399980&amp;o=node\"><img decoding=\"async\" src=\"https:\/\/agenciabrasil.ebc.com.br\/ebc.gif?id=1399980&amp;o=node\"><\/p>\n\n\n\n<p>Na \u00faltima atualiza\u00e7\u00e3o do Plano S\u00e3o Paulo, feita no dia 22 deste m\u00eas, dez regi\u00f5es do estado foram classificadas na fase laranja, e sete, na vermelha. N\u00e3o h\u00e1 nenhuma regi\u00e3o no estado nas fases amarela, verde ou azul. A classifica\u00e7\u00e3o valer\u00e1, ao menos, at\u00e9 o pr\u00f3ximo dia 7.<\/p>\n\n\n\n<p>\u201cA situa\u00e7\u00e3o atual da crise sanit\u00e1ria n\u00e3o justifica a retomada das aulas presenciais nas escolas localizadas nas \u00e1reas classificadas nas fases laranja e vermelha, em nome da prote\u00e7\u00e3o ao direito \u00e0 vida, que n\u00e3o pode ser desprezado, vez que constitui direito fundamental, inviol\u00e1vel, resguardado no Artigo 5\u00ba, caput da Constitui\u00e7\u00e3o Federal\u201d, diz a decis\u00e3o da ju\u00edza Simone Gomes Rodrigues Casoretti.<\/p>\n\n\n\n<p>Simone Casoretti destacou o recente agravamento da pandemia, com aumento do n\u00famero de mortes, surgimento de variantes do novo coronav\u00edrus, causador da covid-19, e colapso do sistema de sa\u00fade em algumas regi\u00f5es.&nbsp;<\/p>\n\n\n\n<p>\u201cMerece prevalecer o direito \u00e0 vida, pois arriscar a sa\u00fade para a retomada das aulas presenciais em locais onde a transmiss\u00e3o do v\u00edrus \u00e9 intensa, sem vacina\u00e7\u00e3o dos profissionais da educa\u00e7\u00e3o, pode gerar um aumento do n\u00famero de contaminados e de mortos pelo v\u00edrus\u201d, acrescentou a ju\u00edza.<\/p>\n\n\n\n<h2 class=\"wp-block-heading\">Estado recorre<\/h2>\n\n\n\n<p>Em nota, a Secretaria da Educa\u00e7\u00e3o do estado informa que ainda n\u00e3o foi notificada, mas diz que vai recorrer da decis\u00e3o.<\/p>\n\n\n\n<p>\u201cUma vez que o estado ainda n\u00e3o foi notificado, todo o planejamento previsto est\u00e1 mantido, inclusive as atividades presenciais de amanh\u00e3. Nossa prioridade se manter\u00e1 em garantir a seguran\u00e7a e sa\u00fade de todos os estudantes e servidores da educa\u00e7\u00e3o, al\u00e9m do direito \u00e0 educa\u00e7\u00e3o, seguran\u00e7a alimentar e sa\u00fade emocional de todos os nossos estudantes\u201d, diz a nota.<\/p>\n\n\n\n<p>Segundo a secretaria, cerca de 1,7 mil escolas estaduais em 314 munic\u00edpios retomaram gradativamente, a partir de setembro, as atividades presenciais . \u201cN\u00e3o houve nenhum registro de transmiss\u00e3o de covid dentro dessas escolas at\u00e9 o momento\u201d, acrescenta a nota.&nbsp;<\/p>\n\n\n\n<p>A Secretaria da Educa\u00e7\u00e3o informa ainda que o governo estadual adquiriu e distribuiu aos estudantes 12 milh\u00f5es de m\u00e1scaras de tecido, 440 mil\u00a0<em>face shields<\/em>\u00a0(protetores faciais de acr\u00edlico), 10.740 term\u00f4metros a\u00a0<em>laser<\/em>, 10 mil totens de \u00e1lcool em gel, 221 mil litros de sabonete l\u00edquido, 78 milh\u00f5es de copos descart\u00e1veis, 112 mil litros de \u00e1lcool em gel, 100 milh\u00f5es de rolos de papel toalha e 1,8 milh\u00e3o de rolos de papel higi\u00eanico.<\/p>\n\n\n\n<p>Por Ag\u00eancia Brasil &#8211; S\u00e3o Paulo<\/p>\n\n\n\n<p>Edi\u00e7\u00e3o: N\u00e1dia Franco<\/p>\n","protected":false},"excerpt":{"rendered":"<p>Decis\u00e3o abrange localidades em \u00e1reas sujeitas a maiores restri\u00e7\u00f5es A 9\u00aa Vara da Fazenda P\u00fablica<\/p>\n","protected":false},"author":2,"featured_media":9970,"comment_status":"open","ping_status":"open","sticky":false,"template":"","format":"standard","meta":{"footnotes":""},"categories":[17],"tags":[],"class_list":["post-9969","post","type-post","status-publish","format-standard","has-post-thumbnail","hentry","category-outras-noticias"],"_links":{"self":[{"href":"https:\/\/tvc16.com\/portal\/wp-json\/wp\/v2\/posts\/9969","targetHints":{"allow":["GET"]}}],"collection":[{"href":"https:\/\/tvc16.com\/portal\/wp-json\/wp\/v2\/posts"}],"about":[{"href":"https:\/\/tvc16.com\/portal\/wp-json\/wp\/v2\/types\/post"}],"author":[{"embeddable":true,"href":"https:\/\/tvc16.com\/portal\/wp-json\/wp\/v2\/users\/2"}],"replies":[{"embeddable":true,"href":"https:\/\/tvc16.com\/portal\/wp-json\/wp\/v2\/comments?post=9969"}],"version-history":[{"count":1,"href":"https:\/\/tvc16.com\/portal\/wp-json\/wp\/v2\/posts\/9969\/revisions"}],"predecessor-version":[{"id":9971,"href":"https:\/\/tvc16.com\/portal\/wp-json\/wp\/v2\/posts\/9969\/revisions\/9971"}],"wp:featuredmedia":[{"embeddable":true,"href":"https:\/\/tvc16.com\/portal\/wp-json\/wp\/v2\/media\/9970"}],"wp:attachment":[{"href":"https:\/\/tvc16.com\/portal\/wp-json\/wp\/v2\/media?parent=9969"}],"wp:term":[{"taxonomy":"category","embeddable":true,"href":"https:\/\/tvc16.com\/portal\/wp-json\/wp\/v2\/categories?post=9969"},{"taxonomy":"post_tag","embeddable":true,"href":"https:\/\/tvc16.com\/portal\/wp-json\/wp\/v2\/tags?post=9969"}],"curies":[{"name":"wp","href":"https:\/\/api.w.org\/{rel}","templated":true}]}}