{"id":99693,"date":"2025-02-24T11:37:52","date_gmt":"2025-02-24T14:37:52","guid":{"rendered":"https:\/\/tvc16.com\/portal\/?p=99693"},"modified":"2025-02-24T11:37:54","modified_gmt":"2025-02-24T14:37:54","slug":"claudio-castro-nomeia-vinicius-farah-como-novo-presidente-do-detran-rj","status":"publish","type":"post","link":"https:\/\/tvc16.com\/portal\/2025\/02\/24\/claudio-castro-nomeia-vinicius-farah-como-novo-presidente-do-detran-rj\/","title":{"rendered":"Cl\u00e1udio Castro nomeia Vin\u00edcius Farah como novo presidente do Detran-RJ"},"content":{"rendered":"\n<p><em>O novo gestor assume o cargo com a miss\u00e3o de ampliar a transforma\u00e7\u00e3o digital do departamento e aprimorar o atendimento ao p\u00fablico<\/em><\/p>\n\n\n\n<p>O governador Cl\u00e1udio Castro nomeou Vin\u00edcius Farah como o novo presidente do Detran-RJ. A nomea\u00e7\u00e3o foi publicada no Di\u00e1rio Oficial desta segunda-feira (24\/02). Farah, que j\u00e1 foi presidente do departamento, substitui o delegado Glaucio Paz.<br>&#8211;&nbsp; Vin\u00edcius Farah \u00e9 um gestor experiente e tenho certeza de que conduzir\u00e1 o Detran com excel\u00eancia, dando continuidade aos avan\u00e7os tecnol\u00f3gicos que modernizaram os servi\u00e7os e facilitaram a vida da popula\u00e7\u00e3o. Agrade\u00e7o ao delegado Glaucio Paz pelo trabalho realizado &#8211; declarou o governador Cl\u00e1udio Castro.<br>O novo presidente assume o cargo com a miss\u00e3o de ampliar a transforma\u00e7\u00e3o digital do departamento e aprimorar o atendimento ao p\u00fablico nos postos, abrangendo vistorias de ve\u00edculos, identifica\u00e7\u00e3o civil e habilita\u00e7\u00e3o.<br>Perfil do novo presidente<br>Vin\u00edcius Farah foi secret\u00e1rio de Estado de Desenvolvimento Econ\u00f4mico de junho de 2021 at\u00e9 abril de 2022. Deputado federal e formado em marketing, foi prefeito de Tr\u00eas Rios por dois mandatos, conquistando cinco vezes o Pr\u00eamio Sebrae Prefeito Empreendedor. Tamb\u00e9m foi vice-presidente de Desenvolvimento da Frente Nacional dos Prefeitos e presidiu o Detran-RJ em 2017.<\/p>\n","protected":false},"excerpt":{"rendered":"<p>O novo gestor assume o cargo com a miss\u00e3o de ampliar a transforma\u00e7\u00e3o digital do<\/p>\n","protected":false},"author":2,"featured_media":99694,"comment_status":"open","ping_status":"open","sticky":false,"template":"","format":"standard","meta":{"footnotes":""},"categories":[17],"tags":[],"class_list":["post-99693","post","type-post","status-publish","format-standard","has-post-thumbnail","hentry","category-outras-noticias"],"_links":{"self":[{"href":"https:\/\/tvc16.com\/portal\/wp-json\/wp\/v2\/posts\/99693","targetHints":{"allow":["GET"]}}],"collection":[{"href":"https:\/\/tvc16.com\/portal\/wp-json\/wp\/v2\/posts"}],"about":[{"href":"https:\/\/tvc16.com\/portal\/wp-json\/wp\/v2\/types\/post"}],"author":[{"embeddable":true,"href":"https:\/\/tvc16.com\/portal\/wp-json\/wp\/v2\/users\/2"}],"replies":[{"embeddable":true,"href":"https:\/\/tvc16.com\/portal\/wp-json\/wp\/v2\/comments?post=99693"}],"version-history":[{"count":1,"href":"https:\/\/tvc16.com\/portal\/wp-json\/wp\/v2\/posts\/99693\/revisions"}],"predecessor-version":[{"id":99695,"href":"https:\/\/tvc16.com\/portal\/wp-json\/wp\/v2\/posts\/99693\/revisions\/99695"}],"wp:featuredmedia":[{"embeddable":true,"href":"https:\/\/tvc16.com\/portal\/wp-json\/wp\/v2\/media\/99694"}],"wp:attachment":[{"href":"https:\/\/tvc16.com\/portal\/wp-json\/wp\/v2\/media?parent=99693"}],"wp:term":[{"taxonomy":"category","embeddable":true,"href":"https:\/\/tvc16.com\/portal\/wp-json\/wp\/v2\/categories?post=99693"},{"taxonomy":"post_tag","embeddable":true,"href":"https:\/\/tvc16.com\/portal\/wp-json\/wp\/v2\/tags?post=99693"}],"curies":[{"name":"wp","href":"https:\/\/api.w.org\/{rel}","templated":true}]}}