{"id":99701,"date":"2025-02-25T05:00:00","date_gmt":"2025-02-25T08:00:00","guid":{"rendered":"https:\/\/tvc16.com\/portal\/?p=99701"},"modified":"2025-02-24T12:59:09","modified_gmt":"2025-02-24T15:59:09","slug":"unifase-fmp-levara-ao-uruguai-experiencia-de-extensao-universitaria-desenvolvida-no-vale-do-carangola","status":"publish","type":"post","link":"https:\/\/tvc16.com\/portal\/2025\/02\/25\/unifase-fmp-levara-ao-uruguai-experiencia-de-extensao-universitaria-desenvolvida-no-vale-do-carangola\/","title":{"rendered":"UNIFASE\/FMP levar\u00e1 ao Uruguai experi\u00eancia de extens\u00e3o universit\u00e1ria desenvolvida no Vale do Carangola"},"content":{"rendered":"\n<p><em>Metodologia usada por professores e estudantes nos campos de pr\u00e1tica de Petr\u00f3polis ser\u00e1 multiplicada na Am\u00e9rica Latina<\/em><\/p>\n\n\n\n<p>A experi\u00eancia bem-sucedida de extens\u00e3o universit\u00e1ria, baseada na viv\u00eancia e na escuta, desenvolvida pelo Centro Universit\u00e1rio Artur S\u00e1 Earp Neto e a Faculdade de Medicina de Petr\u00f3polis em um projeto no Vale do Carangola, ser\u00e1 apresentada na pr\u00f3xima semana no Uruguai, como parte dos cursos de ver\u00e3o da Universidad de La Rep\u00fablica. A oficina &#8220;A\u00e7\u00e3o Extensionista: Uma Experi\u00eancia Sentipensante&#8221; ser\u00e1 ministrada em tr\u00eas dias, de 26 a 28 de fevereiro, reunindo estudantes, professores e l\u00edderes comunit\u00e1rios.<\/p>\n\n\n\n<p>Coordenador de Projetos e Extens\u00e3o da UNIFASE\/FMP, o professor Ricardo Tammela, que vai ministrar a oficina, explica que o convite para o curso no Uruguai resultou de uma conversa iniciada em 2022, no F\u00f3rum de Extens\u00e3o das Institui\u00e7\u00f5es de Ensino Superior Privadas (FOREXP). \u201cNa ocasi\u00e3o, tivemos a oportunidade de conversar com o professor Humberto Tommasino, professor e pesquisador da Universidad de La Rep\u00fablica, que \u00e9 um dos formuladores da proposta de extens\u00e3o cr\u00edtica, e apresentar o trabalho que desenvolvemos em Petr\u00f3polis\u201d, detalha.<\/p>\n\n\n\n<p>Surgiram, ent\u00e3o, os convites para apresenta\u00e7\u00e3o do trabalho. Em 2023, a UNIFASE\/FMP participou pela primeira vez da Escola de Ver\u00e3o no Uruguai e, em 2024, foi convidada para apresentar o projeto na Argentina. &#8220;Agora, voltamos ao Uruguai para uma oficina de extens\u00e3o sentipensante. A proposta \u00e9 multiplicar essa metodologia de trabalho pela Am\u00e9rica Latina, assim como trazer para c\u00e1 exemplos que deram certo nos pa\u00edses vizinhos\u201d, explica Tammela.<\/p>\n\n\n\n<p>Na UNIFASE\/FMP, a proposta \u00e9 integrar o conhecimento acad\u00eamico com saberes populares e viv\u00eancias cotidianas, promovendo um espa\u00e7o de di\u00e1logo e cocria\u00e7\u00e3o de saberes. O curso que ser\u00e1 levado ao Uruguai vai explorar as experi\u00eancias de campo e as narrativas como formas de comunicar e construir conhecimento de maneira coletiva.<\/p>\n\n\n\n<p>\u201cEsta a\u00e7\u00e3o extensionista representa uma oportunidade de fortalecer as rela\u00e7\u00f5es entre universidade e sociedade, ao mesmo tempo em que fomenta a reflex\u00e3o e o desenvolvimento de pr\u00e1ticas que podem ser replicadas em outras comunidades\u201d, finaliza o coordenador de Projetos e Extens\u00e3o.<\/p>\n\n\n\n<p>Foto: divulga\u00e7\u00e3o <\/p>\n","protected":false},"excerpt":{"rendered":"<p>Metodologia usada por professores e estudantes nos campos de pr\u00e1tica de Petr\u00f3polis ser\u00e1 multiplicada na<\/p>\n","protected":false},"author":2,"featured_media":99702,"comment_status":"open","ping_status":"open","sticky":false,"template":"","format":"standard","meta":{"footnotes":""},"categories":[12],"tags":[],"class_list":["post-99701","post","type-post","status-publish","format-standard","has-post-thumbnail","hentry","category-cidade"],"_links":{"self":[{"href":"https:\/\/tvc16.com\/portal\/wp-json\/wp\/v2\/posts\/99701","targetHints":{"allow":["GET"]}}],"collection":[{"href":"https:\/\/tvc16.com\/portal\/wp-json\/wp\/v2\/posts"}],"about":[{"href":"https:\/\/tvc16.com\/portal\/wp-json\/wp\/v2\/types\/post"}],"author":[{"embeddable":true,"href":"https:\/\/tvc16.com\/portal\/wp-json\/wp\/v2\/users\/2"}],"replies":[{"embeddable":true,"href":"https:\/\/tvc16.com\/portal\/wp-json\/wp\/v2\/comments?post=99701"}],"version-history":[{"count":1,"href":"https:\/\/tvc16.com\/portal\/wp-json\/wp\/v2\/posts\/99701\/revisions"}],"predecessor-version":[{"id":99703,"href":"https:\/\/tvc16.com\/portal\/wp-json\/wp\/v2\/posts\/99701\/revisions\/99703"}],"wp:featuredmedia":[{"embeddable":true,"href":"https:\/\/tvc16.com\/portal\/wp-json\/wp\/v2\/media\/99702"}],"wp:attachment":[{"href":"https:\/\/tvc16.com\/portal\/wp-json\/wp\/v2\/media?parent=99701"}],"wp:term":[{"taxonomy":"category","embeddable":true,"href":"https:\/\/tvc16.com\/portal\/wp-json\/wp\/v2\/categories?post=99701"},{"taxonomy":"post_tag","embeddable":true,"href":"https:\/\/tvc16.com\/portal\/wp-json\/wp\/v2\/tags?post=99701"}],"curies":[{"name":"wp","href":"https:\/\/api.w.org\/{rel}","templated":true}]}}