{"id":99707,"date":"2025-02-24T14:01:28","date_gmt":"2025-02-24T17:01:28","guid":{"rendered":"https:\/\/tvc16.com\/portal\/?p=99707"},"modified":"2025-02-24T14:01:32","modified_gmt":"2025-02-24T17:01:32","slug":"caminhao-arranca-fiacao-de-poste-e-prejudica-transito-na-rua-olavo-bilac","status":"publish","type":"post","link":"https:\/\/tvc16.com\/portal\/2025\/02\/24\/caminhao-arranca-fiacao-de-poste-e-prejudica-transito-na-rua-olavo-bilac\/","title":{"rendered":"Caminh\u00e3o arranca fia\u00e7\u00e3o de poste e prejudica tr\u00e2nsito na Rua Olavo Bilac"},"content":{"rendered":"\n<p>O Setranspetro informou que, em raz\u00e3o da fia\u00e7\u00e3o ca\u00edda na Rua Olavo Bilac, nove linhas de \u00f4nibus est\u00e3o com altera\u00e7\u00f5es no itiner\u00e1rio, desde \u00e0s 12h30.<\/p>\n\n\n\n<p>A Turp Transporte est\u00e1 sem atender a um trecho de aproximadamente 400 metros. As linhas 649 &#8211; Quitandinha e 656 &#8211; Dr. Thouzet (via Alto da Serra) est\u00e3o passando pela Monte Castelo, ao lado da Patrone, retornando pela Castel\u00e2nea.<\/p>\n\n\n\n<p>A <a><\/a>Cidade Real est\u00e1 com as linhas 173 e 175 &#8211; Independ\u00eancia, al\u00e9m da 181 e 182 &#8211; Sim\u00e9ria com itiner\u00e1rio desviado pela Rua Coronel Veiga. J\u00e1 as linhas 184 &#8211; Vital Brasil, 189 &#8211; Capit\u00e3o Paladini e 192 &#8211; Olga Castrioto est\u00e3o desviando pela Castel\u00e2nea, a partir das Duas Pontes.<\/p>\n\n\n\n<p>Foto: rede social<\/p>\n","protected":false},"excerpt":{"rendered":"<p>O Setranspetro informou que, em raz\u00e3o da fia\u00e7\u00e3o ca\u00edda na Rua Olavo Bilac, nove linhas<\/p>\n","protected":false},"author":2,"featured_media":99708,"comment_status":"open","ping_status":"open","sticky":false,"template":"","format":"standard","meta":{"footnotes":""},"categories":[12],"tags":[],"class_list":["post-99707","post","type-post","status-publish","format-standard","has-post-thumbnail","hentry","category-cidade"],"_links":{"self":[{"href":"https:\/\/tvc16.com\/portal\/wp-json\/wp\/v2\/posts\/99707","targetHints":{"allow":["GET"]}}],"collection":[{"href":"https:\/\/tvc16.com\/portal\/wp-json\/wp\/v2\/posts"}],"about":[{"href":"https:\/\/tvc16.com\/portal\/wp-json\/wp\/v2\/types\/post"}],"author":[{"embeddable":true,"href":"https:\/\/tvc16.com\/portal\/wp-json\/wp\/v2\/users\/2"}],"replies":[{"embeddable":true,"href":"https:\/\/tvc16.com\/portal\/wp-json\/wp\/v2\/comments?post=99707"}],"version-history":[{"count":1,"href":"https:\/\/tvc16.com\/portal\/wp-json\/wp\/v2\/posts\/99707\/revisions"}],"predecessor-version":[{"id":99709,"href":"https:\/\/tvc16.com\/portal\/wp-json\/wp\/v2\/posts\/99707\/revisions\/99709"}],"wp:featuredmedia":[{"embeddable":true,"href":"https:\/\/tvc16.com\/portal\/wp-json\/wp\/v2\/media\/99708"}],"wp:attachment":[{"href":"https:\/\/tvc16.com\/portal\/wp-json\/wp\/v2\/media?parent=99707"}],"wp:term":[{"taxonomy":"category","embeddable":true,"href":"https:\/\/tvc16.com\/portal\/wp-json\/wp\/v2\/categories?post=99707"},{"taxonomy":"post_tag","embeddable":true,"href":"https:\/\/tvc16.com\/portal\/wp-json\/wp\/v2\/tags?post=99707"}],"curies":[{"name":"wp","href":"https:\/\/api.w.org\/{rel}","templated":true}]}}