{"id":9972,"date":"2021-01-29T22:42:14","date_gmt":"2021-01-30T01:42:14","guid":{"rendered":"https:\/\/tvc16.com\/portal\/?p=9972"},"modified":"2021-01-29T22:42:16","modified_gmt":"2021-01-30T01:42:16","slug":"enem-versao-digital-sera-neste-domingo-31","status":"publish","type":"post","link":"https:\/\/tvc16.com\/portal\/2021\/01\/29\/enem-versao-digital-sera-neste-domingo-31\/","title":{"rendered":"Enem: vers\u00e3o digital ser\u00e1 neste domingo (31)"},"content":{"rendered":"\n<p>Cerca de 96 mil alunos se inscreveram para a primeira vers\u00e3o digital do exame<\/p>\n\n\n\n<p>A vers\u00e3o digital do Exame Nacional do Ensino M\u00e9dio (Enem) ser\u00e1 aplicada no pr\u00f3ximo domingo (31). Essa ser\u00e1 a primeira vez da aplica\u00e7\u00e3o da prova nesse formato. Cerca de 96 mil alunos far\u00e3o o exame em formato piloto para concorrer a uma vaga em institui\u00e7\u00f5es de ensino superior.<\/p>\n\n\n\n<p>A aplica\u00e7\u00e3o marca o in\u00edcio das mudan\u00e7as no Enem. A ideia \u00e9 que o exame seja totalmente digital at\u00e9 2026.&nbsp;<\/p>\n\n\n\n<p>E apesar de digital, os alunos que far\u00e3o essa vers\u00e3o do Enem ter\u00e3o que se deslocar para uma escola, universidade ou faculdade escolhida previamente para responder \u00e0s quest\u00f5es. Lembrando que a reda\u00e7\u00e3o ser\u00e1 feita \u00e0 m\u00e3o, por isso o estudante deve levar uma caneta de tinta preta e corpo transparente no dia.\u00a0<\/p>\n\n\n\n<p>A diferen\u00e7a \u00e9 que a prova ser\u00e1 feita pelo computador em vez do papel. As quest\u00f5es objetivas ser\u00e3o todas marcadas na tela, assim como o cart\u00e3o de resposta. Os alunos ter\u00e3o \u00e0 disposi\u00e7\u00e3o folhas em branco para usar de rascunho nos dois dias de prova.&nbsp;<\/p>\n\n\n\n<p>Assim como na prova impressa, os participantes far\u00e3o as provas de linguagens, ci\u00eancias humanas e reda\u00e7\u00e3o nesse domingo (31). No segundo dia, marcado para 7 de fevereiro, ser\u00e1 a vez das quest\u00f5es de matem\u00e1tica e ci\u00eancias da natureza.&nbsp;<\/p>\n\n\n\n<p>O tempo de prova e os hor\u00e1rios de aplica\u00e7\u00e3o tamb\u00e9m ser\u00e3o os mesmos, cinco horas e meia no primeiro dia e cinco horas no segundo. Os port\u00f5es tamb\u00e9m ser\u00e3o abertos a partir das 11h30 e v\u00e3o ser fechados \u00e0s 13h, no hor\u00e1rio de Bras\u00edlia (DF).&nbsp;<\/p>\n\n\n\n<p>\u00c9 obrigat\u00f3rio o uso da m\u00e1scara durante toda a prova e as salas ter\u00e3o \u00e1lcool em gel para limpeza das m\u00e3os. Candidatos com sintomas de covid-19 ou outra doen\u00e7a infectocontagiosa n\u00e3o devem comparecer aos locais de prova. Eles ter\u00e3o direito a fazer o exame na reaplica\u00e7\u00e3o, nos dias 23 e 24 de fevereiro, assim como os estudantes que tiveram problema de log\u00edstica e os que moram no estado amazonense, por conta do agravamento da pandemia. &nbsp;&nbsp;<\/p>\n\n\n\n<p>Essas e outras informa\u00e7\u00f5es est\u00e3o dispon\u00edveis em <a href=\"https:\/\/www.gov.br\/inep\/pt-br\/areas-de-atuacao\/avaliacao-e-exames-educacionais\/enem\" target=\"_blank\" rel=\"noreferrer noopener\">enem.inep.gov.br<\/a>. &nbsp;<\/p>\n\n\n\n<p>Fonte: <a href=\"https:\/\/brasil61.com\/noticias\/enem-versao-digital-sera-neste-domingo-31-bras213619?email=bethdeoliveira@yahoo.com.br&amp;utm_source=newsletter&amp;utm_medium=newsletter&amp;utm_campaign=newsletter\" target=\"_blank\" rel=\"noreferrer noopener\">Brasil 61<\/a><\/p>\n","protected":false},"excerpt":{"rendered":"<p>Cerca de 96 mil alunos se inscreveram para a primeira vers\u00e3o digital do exame A<\/p>\n","protected":false},"author":2,"featured_media":0,"comment_status":"open","ping_status":"open","sticky":false,"template":"","format":"standard","meta":{"footnotes":""},"categories":[17],"tags":[],"class_list":["post-9972","post","type-post","status-publish","format-standard","hentry","category-outras-noticias"],"_links":{"self":[{"href":"https:\/\/tvc16.com\/portal\/wp-json\/wp\/v2\/posts\/9972","targetHints":{"allow":["GET"]}}],"collection":[{"href":"https:\/\/tvc16.com\/portal\/wp-json\/wp\/v2\/posts"}],"about":[{"href":"https:\/\/tvc16.com\/portal\/wp-json\/wp\/v2\/types\/post"}],"author":[{"embeddable":true,"href":"https:\/\/tvc16.com\/portal\/wp-json\/wp\/v2\/users\/2"}],"replies":[{"embeddable":true,"href":"https:\/\/tvc16.com\/portal\/wp-json\/wp\/v2\/comments?post=9972"}],"version-history":[{"count":1,"href":"https:\/\/tvc16.com\/portal\/wp-json\/wp\/v2\/posts\/9972\/revisions"}],"predecessor-version":[{"id":9974,"href":"https:\/\/tvc16.com\/portal\/wp-json\/wp\/v2\/posts\/9972\/revisions\/9974"}],"wp:attachment":[{"href":"https:\/\/tvc16.com\/portal\/wp-json\/wp\/v2\/media?parent=9972"}],"wp:term":[{"taxonomy":"category","embeddable":true,"href":"https:\/\/tvc16.com\/portal\/wp-json\/wp\/v2\/categories?post=9972"},{"taxonomy":"post_tag","embeddable":true,"href":"https:\/\/tvc16.com\/portal\/wp-json\/wp\/v2\/tags?post=9972"}],"curies":[{"name":"wp","href":"https:\/\/api.w.org\/{rel}","templated":true}]}}