{"id":99722,"date":"2025-02-25T08:30:04","date_gmt":"2025-02-25T11:30:04","guid":{"rendered":"https:\/\/tvc16.com\/portal\/?p=99722"},"modified":"2025-02-25T08:30:07","modified_gmt":"2025-02-25T11:30:07","slug":"justica-do-rio-inicia-julgamento-do-caso-de-orgaos-infectados-por-hiv","status":"publish","type":"post","link":"https:\/\/tvc16.com\/portal\/2025\/02\/25\/justica-do-rio-inicia-julgamento-do-caso-de-orgaos-infectados-por-hiv\/","title":{"rendered":"Justi\u00e7a do Rio inicia julgamento do caso de \u00f3rg\u00e3os infectados por HIV"},"content":{"rendered":"\n<p><em>S\u00f3cios do laborat\u00f3rio que emitiu laudos fraudulentos est\u00e3o entre r\u00e9us<\/em><\/p>\n\n\n\n<p>Por Bruno de Freitas Moura \u2013 Rep\u00f3rter da Ag\u00eancia Brasil \/ Foto: Fernando Fraz\u00e3o\/Ag\u00eancia Brasil<\/p>\n\n\n\n<p><\/p>\n\n\n\n<p>A Justi\u00e7a do Rio de Janeiro come\u00e7a a julgar, na tarde desta segunda-feira (24), o caso que terminou com seis pacientes infectados pelo v\u00edrus HIV ap\u00f3s terem sido submetidos a transplante de \u00f3rg\u00e3os no ano passado. Ser\u00e3o julgadas seis pessoas que tinham rela\u00e7\u00e3o com o laborat\u00f3rio PCS Saleme.<img decoding=\"async\" src=\"https:\/\/agenciabrasil.ebc.com.br\/ebc.png?id=1631609&amp;o=node\"><img decoding=\"async\" src=\"https:\/\/agenciabrasil.ebc.com.br\/ebc.gif?id=1631609&amp;o=node\"><\/p>\n\n\n\n<p>Os r\u00e9us s\u00e3o os s\u00f3cios Walter Vieira e Matheus Sales Teixeira Bandoli Vieira e os funcion\u00e1rios Ivanilson Fernandes dos Santos, Cleber de Oliveira Santos, Jacqueline Iris Barcellar de Assis e Adriana Vargas dos Anjos, que era coordenadora t\u00e9cnica do laborat\u00f3rio.&nbsp;<a href=\"https:\/\/agenciabrasil.ebc.com.br\/saude\/noticia\/2024-10\/transplantes-com-hiv-defesa-de-funcionaria-diz-que-acusacao-e-falsa\" target=\"_blank\" rel=\"noreferrer noopener\">Jacqueline<\/a>&nbsp;\u00e9 acusada de ter assinado laudo fraudulento.<\/p>\n\n\n\n<p>Todos foram denunciados pela 2\u00aa Promotoria de Justi\u00e7a de Investiga\u00e7\u00e3o Penal Especializada dos N\u00facleos de Duque de Caxias e Nova Igua\u00e7u, do Minist\u00e9rio P\u00fablico do Estado do Rio de Janeiro (MPRJ). As acusa\u00e7\u00f5es tratam de les\u00e3o corporal grav\u00edssima, associa\u00e7\u00e3o criminosa, falsifica\u00e7\u00e3o de documento particular e falsidade ideol\u00f3gica.<\/p>\n\n\n\n<p>A audi\u00eancia de instru\u00e7\u00e3o e julgamento est\u00e1 marcada para o in\u00edcio da tarde, na 2\u00aa Vara Criminal de Nova Igua\u00e7u, regi\u00e3o metropolitana do Rio de Janeiro. Est\u00e3o previstos depoimentos de testemunhas indicadas pelo MPRJ e pelos advogados de defesa, assim como o interrogat\u00f3rio dos r\u00e9us. O julgamento n\u00e3o ser\u00e1 aberto \u00e0 imprensa e n\u00e3o h\u00e1 data para a conclus\u00e3o.<\/p>\n\n\n\n<h2 class=\"wp-block-heading\">Relembre o caso<\/h2>\n\n\n\n<p>Em outubro do ano passado, a Secretaria Estadual de Sa\u00fade do Rio de Janeiro confirmou que investigava a infec\u00e7\u00e3o por HIV de seis pacientes que tinham sido submetidos a transplante de rins, f\u00edgado, cora\u00e7\u00e3o e c\u00f3rnea.<\/p>\n\n\n\n<p>O laborat\u00f3rio PCS Saleme \u2013 contratado pelo governo estadual em dezembro de 2023, por interm\u00e9dio da Funda\u00e7\u00e3o Sa\u00fade, para fazer exame de sorologia \u2013 emitiu laudos fraudulentos, que n\u00e3o acusaram a presen\u00e7a do HIV em \u00f3rg\u00e3os de dois doadores.<\/p>\n\n\n\n<p>Ap\u00f3s o caso ter sido tornado p\u00fablico, o laborat\u00f3rio PCS Saleme foi interditado pela Vigil\u00e2ncia Sanit\u00e1ria estadual, e o contrato com o governo do estado, rescindido. O esc\u00e2ndalo provocou a ren\u00fancia da dire\u00e7\u00e3o da Funda\u00e7\u00e3o Sa\u00fade.<\/p>\n\n\n\n<p>Cinco pessoas chegaram a ser presas e liberadas ap\u00f3s pedidos de&nbsp;<em>habeas corpus<\/em>.<br><br>De acordo com a Secretaria estadual de Sa\u00fade, os seis receptores de \u00f3rg\u00e3os infectados est\u00e3o com quadro est\u00e1vel e recebem acompanhamento de equipe multidisciplinar da secretaria.<br><\/p>\n","protected":false},"excerpt":{"rendered":"<p>S\u00f3cios do laborat\u00f3rio que emitiu laudos fraudulentos est\u00e3o entre r\u00e9us Por Bruno de Freitas Moura<\/p>\n","protected":false},"author":2,"featured_media":99723,"comment_status":"open","ping_status":"open","sticky":false,"template":"","format":"standard","meta":{"footnotes":""},"categories":[17],"tags":[],"class_list":["post-99722","post","type-post","status-publish","format-standard","has-post-thumbnail","hentry","category-outras-noticias"],"_links":{"self":[{"href":"https:\/\/tvc16.com\/portal\/wp-json\/wp\/v2\/posts\/99722","targetHints":{"allow":["GET"]}}],"collection":[{"href":"https:\/\/tvc16.com\/portal\/wp-json\/wp\/v2\/posts"}],"about":[{"href":"https:\/\/tvc16.com\/portal\/wp-json\/wp\/v2\/types\/post"}],"author":[{"embeddable":true,"href":"https:\/\/tvc16.com\/portal\/wp-json\/wp\/v2\/users\/2"}],"replies":[{"embeddable":true,"href":"https:\/\/tvc16.com\/portal\/wp-json\/wp\/v2\/comments?post=99722"}],"version-history":[{"count":1,"href":"https:\/\/tvc16.com\/portal\/wp-json\/wp\/v2\/posts\/99722\/revisions"}],"predecessor-version":[{"id":99724,"href":"https:\/\/tvc16.com\/portal\/wp-json\/wp\/v2\/posts\/99722\/revisions\/99724"}],"wp:featuredmedia":[{"embeddable":true,"href":"https:\/\/tvc16.com\/portal\/wp-json\/wp\/v2\/media\/99723"}],"wp:attachment":[{"href":"https:\/\/tvc16.com\/portal\/wp-json\/wp\/v2\/media?parent=99722"}],"wp:term":[{"taxonomy":"category","embeddable":true,"href":"https:\/\/tvc16.com\/portal\/wp-json\/wp\/v2\/categories?post=99722"},{"taxonomy":"post_tag","embeddable":true,"href":"https:\/\/tvc16.com\/portal\/wp-json\/wp\/v2\/tags?post=99722"}],"curies":[{"name":"wp","href":"https:\/\/api.w.org\/{rel}","templated":true}]}}