{"id":99738,"date":"2025-02-25T08:55:48","date_gmt":"2025-02-25T11:55:48","guid":{"rendered":"https:\/\/tvc16.com\/portal\/?p=99738"},"modified":"2025-02-25T08:55:50","modified_gmt":"2025-02-25T11:55:50","slug":"hospital-alcides-carneiro-promove-educacao-de-jovens-e-adultos-para-funcionarios-plantonistas","status":"publish","type":"post","link":"https:\/\/tvc16.com\/portal\/2025\/02\/25\/hospital-alcides-carneiro-promove-educacao-de-jovens-e-adultos-para-funcionarios-plantonistas\/","title":{"rendered":"Hospital Alcides Carneiro promove Educa\u00e7\u00e3o de Jovens e Adultos para funcion\u00e1rios plantonistas"},"content":{"rendered":"\n<p>A Prefeitura de Petr\u00f3polis, atrav\u00e9s da Secretaria Municipal de Sa\u00fade, promove este ano mais uma turma de Educa\u00e7\u00e3o para Jovens e Adultos (EJA) pra funcion\u00e1rios plantonistas que n\u00e3o tiveram oportunidade de concluir os estudos em sua trajet\u00f3ria escolar. S\u00e3o funcion\u00e1rios de diversas \u00e1reas, como cozinha, lavanderia, copa, higiene, transporte e almoxarifado. As aulas s\u00e3o realizadas em dias alternados, respeitando as escalas de plant\u00e3o e proporcionam um ambiente de aprendizagem acolhedor e adaptado.<\/p>\n\n\n\n<p>\u201cNosso objetivo \u00e9 dar acesso e oportunidade para os funcion\u00e1rios do Hospital Alcides Carneiro, que \u00e9 a nossa maior refer\u00eancia em sa\u00fade p\u00fablica do munic\u00edpio. Assim, muitos deles v\u00e3o poder at\u00e9 realizar o sonho de crescer na profiss\u00e3o\u201d comenta o prefeito Hingo Hammes.<\/p>\n\n\n\n<p>O Projeto EJA-HAC foi implementado no Hospital Alcides Carneiro em parceria com a Escola Municipalizada Hercilia Henriques Moret. O curso oferece uma proposta pedag\u00f3gica adaptada \u00e0s necessidades dos plantonistas. A proposta \u00e9 ampliar o projeto para atender tamb\u00e9m os funcion\u00e1rios das Unidades de Pronto Atendimento e dos Postos de Sa\u00fade da Fam\u00edlia.<\/p>\n\n\n\n<p>\u201cEste curso \u00e9 formado por trabalhadores que enfrentam jornadas de trabalho e precisam conciliar os estudos com as demandas profissionais e pessoais. Tivemos a sensibilidade de adaptar os hor\u00e1rios de plant\u00f5es para garantir a capacita\u00e7\u00e3o deles\u201d explicou o Secret\u00e1rio Municipal de Sa\u00fade Lu\u00eds Cruzick.<\/p>\n\n\n\n<p>Entre os alunos, h\u00e1 pessoas com limita\u00e7\u00f5es f\u00edsicas, estudantes em processo de alfabetiza\u00e7\u00e3o e surdos, que al\u00e9m de aprimorarem o dom\u00ednio da L\u00edngua Portuguesa, desenvolvem suas habilidades em libras. A sala de aula conta com tr\u00eas professores e uma int\u00e9rprete de Libras, garantindo um atendimento personalizado e inclusivo. A metodologia adotada valoriza a aprendizagem colaborativa, o respeito \u00e0s diferen\u00e7as e a constru\u00e7\u00e3o coletiva do conhecimento.<\/p>\n\n\n\n<p>\u201cO EJA do Hospital Alcides Carneiro \u00e9 um exemplo concreto de como a educa\u00e7\u00e3o pode transformar vidas, especialmente quando estruturada para atender \u00e0s necessidades do p\u00fablico adulto trabalhador\u201d, disse o secret\u00e1rio de Educa\u00e7\u00e3o, Alexandre Gurgel.<\/p>\n\n\n\n<p>As aulas do EJA-HAC s\u00e3o organizadas a partir de temas geradores, cuidadosamente selecionados para promover a participa\u00e7\u00e3o ativa dos estudantes e estimular sua reflex\u00e3o cr\u00edtica. O projeto come\u00e7ou em 2024 e os resultados comprovam a efic\u00e1cia. Dos participantes da turma do ano passado, 12 estudantes foram aprovados na reda\u00e7\u00e3o do Exame Nacional para Certifica\u00e7\u00e3o de Compet\u00eancias de Jovens e Adultos (Encceja). No ensino fundamental, tr\u00eas alunos foram aprovados em todas as compet\u00eancias e conseguiram antecipar a conclus\u00e3o do Ensino Fundamental.<\/p>\n","protected":false},"excerpt":{"rendered":"<p>A Prefeitura de Petr\u00f3polis, atrav\u00e9s da Secretaria Municipal de Sa\u00fade, promove este ano mais uma<\/p>\n","protected":false},"author":2,"featured_media":99739,"comment_status":"open","ping_status":"open","sticky":false,"template":"","format":"standard","meta":{"footnotes":""},"categories":[12],"tags":[],"class_list":["post-99738","post","type-post","status-publish","format-standard","has-post-thumbnail","hentry","category-cidade"],"_links":{"self":[{"href":"https:\/\/tvc16.com\/portal\/wp-json\/wp\/v2\/posts\/99738","targetHints":{"allow":["GET"]}}],"collection":[{"href":"https:\/\/tvc16.com\/portal\/wp-json\/wp\/v2\/posts"}],"about":[{"href":"https:\/\/tvc16.com\/portal\/wp-json\/wp\/v2\/types\/post"}],"author":[{"embeddable":true,"href":"https:\/\/tvc16.com\/portal\/wp-json\/wp\/v2\/users\/2"}],"replies":[{"embeddable":true,"href":"https:\/\/tvc16.com\/portal\/wp-json\/wp\/v2\/comments?post=99738"}],"version-history":[{"count":1,"href":"https:\/\/tvc16.com\/portal\/wp-json\/wp\/v2\/posts\/99738\/revisions"}],"predecessor-version":[{"id":99740,"href":"https:\/\/tvc16.com\/portal\/wp-json\/wp\/v2\/posts\/99738\/revisions\/99740"}],"wp:featuredmedia":[{"embeddable":true,"href":"https:\/\/tvc16.com\/portal\/wp-json\/wp\/v2\/media\/99739"}],"wp:attachment":[{"href":"https:\/\/tvc16.com\/portal\/wp-json\/wp\/v2\/media?parent=99738"}],"wp:term":[{"taxonomy":"category","embeddable":true,"href":"https:\/\/tvc16.com\/portal\/wp-json\/wp\/v2\/categories?post=99738"},{"taxonomy":"post_tag","embeddable":true,"href":"https:\/\/tvc16.com\/portal\/wp-json\/wp\/v2\/tags?post=99738"}],"curies":[{"name":"wp","href":"https:\/\/api.w.org\/{rel}","templated":true}]}}