{"id":99741,"date":"2025-02-25T09:05:17","date_gmt":"2025-02-25T12:05:17","guid":{"rendered":"https:\/\/tvc16.com\/portal\/?p=99741"},"modified":"2025-02-25T09:05:20","modified_gmt":"2025-02-25T12:05:20","slug":"prefeitura-participa-da-undime-rj-para-discutir-politicas-educacionais","status":"publish","type":"post","link":"https:\/\/tvc16.com\/portal\/2025\/02\/25\/prefeitura-participa-da-undime-rj-para-discutir-politicas-educacionais\/","title":{"rendered":"Prefeitura participa da Undime-RJ para discutir pol\u00edticas educacionais"},"content":{"rendered":"\n<p><em>Encontro re\u00fane gestores para debater avan\u00e7os no ensino e integra\u00e7\u00e3o entre munic\u00edpios e estado<\/em><\/p>\n\n\n\n<p>Na sexta-feira (21), a Secretaria de Educa\u00e7\u00e3o participou do Encontro da Uni\u00e3o Nacional dos Dirigentes Municipais de Educa\u00e7\u00e3o do Rio de Janeiro (Undime-RJ), realizado na cidade do Rio. O evento teve como principal objetivo integrar os novos dirigentes municipais e discutir a\u00e7\u00f5es que visem a melhoria da educa\u00e7\u00e3o, al\u00e9m de fortalecer a articula\u00e7\u00e3o entre as esferas estadual e municipal para o desenvolvimento de pol\u00edticas p\u00fablicas. O encontro tamb\u00e9m trouxe \u00e0 tona temas como a educa\u00e7\u00e3o em tempo integral, as a\u00e7\u00f5es do Novo PAR e medidas para garantir os direitos das crian\u00e7as, jovens e adultos a uma educa\u00e7\u00e3o de qualidade social.<\/p>\n\n\n\n<p>O prefeito Hingo Hammes ressaltou a import\u00e2ncia da uni\u00e3o entre as diferentes esferas de governo. \u201cEste encontro \u00e9 uma oportunidade \u00fanica para construirmos solu\u00e7\u00f5es conjuntas, que atendam \u00e0s necessidades da educa\u00e7\u00e3o no munic\u00edpio. S\u00f3 com a colabora\u00e7\u00e3o entre governo federal, estadual e municipal podemos avan\u00e7ar de maneira eficaz\u201d, afirmou.<\/p>\n\n\n\n<p>O encontro contou com a presen\u00e7a da Secret\u00e1ria de Educa\u00e7\u00e3o B\u00e1sica do Minist\u00e9rio da Educa\u00e7\u00e3o (MEC), professora doutora K\u00e1tia Helena Schweickardt, que enfatizou a import\u00e2ncia da ades\u00e3o dos munic\u00edpios aos programas federais. No evento ela pontuou que a ades\u00e3o dos munic\u00edpios aos programas do MEC \u00e9 fundamental para garantir que os recursos sejam aplicados corretamente, beneficiando diretamente os alunos nas salas de aula.<\/p>\n\n\n\n<p>\u201cPrecisamos fortalecer a articula\u00e7\u00e3o entre os estados e os munic\u00edpios para que as pol\u00edticas p\u00fablicas cheguem de maneira eficaz at\u00e9 as escolas. Estamos comprometidos em garantir que a educa\u00e7\u00e3o oferecida aos nossos alunos seja de qualidade e que os programas federais sejam aplicados de forma respons\u00e1vel\u201d, explicou o secret\u00e1rio de Educa\u00e7\u00e3o, Alexandre Gurgel.<\/p>\n\n\n\n<p>A subsecret\u00e1ria de Educa\u00e7\u00e3o, Ana Carolina Kapler, destacou a import\u00e2ncia do evento para o aprimoramento da educa\u00e7\u00e3o na cidade. \u201cEventos como este s\u00e3o essenciais para refletirmos sobre as a\u00e7\u00f5es que realmente fazem diferen\u00e7a na pr\u00e1tica. Precisamos, cada vez mais, focar na implementa\u00e7\u00e3o de pol\u00edticas educacionais que atendam \u00e0s necessidades de todos os nossos alunos\u201d, afirmou.<\/p>\n\n\n\n<p>O debate contou ainda com a participa\u00e7\u00e3o de representantes de institui\u00e7\u00f5es como o FNDE, o Programa Sa\u00fade na Escola, o Banco Central\/Aprender Valor e o Unicef\/Busca Ativa, que discutiram propostas e a\u00e7\u00f5es conjuntas para enfrentar os desafios do setor educacional.<\/p>\n","protected":false},"excerpt":{"rendered":"<p>Encontro re\u00fane gestores para debater avan\u00e7os no ensino e integra\u00e7\u00e3o entre munic\u00edpios e estado Na<\/p>\n","protected":false},"author":2,"featured_media":99742,"comment_status":"open","ping_status":"open","sticky":false,"template":"","format":"standard","meta":{"footnotes":""},"categories":[12],"tags":[],"class_list":["post-99741","post","type-post","status-publish","format-standard","has-post-thumbnail","hentry","category-cidade"],"_links":{"self":[{"href":"https:\/\/tvc16.com\/portal\/wp-json\/wp\/v2\/posts\/99741","targetHints":{"allow":["GET"]}}],"collection":[{"href":"https:\/\/tvc16.com\/portal\/wp-json\/wp\/v2\/posts"}],"about":[{"href":"https:\/\/tvc16.com\/portal\/wp-json\/wp\/v2\/types\/post"}],"author":[{"embeddable":true,"href":"https:\/\/tvc16.com\/portal\/wp-json\/wp\/v2\/users\/2"}],"replies":[{"embeddable":true,"href":"https:\/\/tvc16.com\/portal\/wp-json\/wp\/v2\/comments?post=99741"}],"version-history":[{"count":1,"href":"https:\/\/tvc16.com\/portal\/wp-json\/wp\/v2\/posts\/99741\/revisions"}],"predecessor-version":[{"id":99743,"href":"https:\/\/tvc16.com\/portal\/wp-json\/wp\/v2\/posts\/99741\/revisions\/99743"}],"wp:featuredmedia":[{"embeddable":true,"href":"https:\/\/tvc16.com\/portal\/wp-json\/wp\/v2\/media\/99742"}],"wp:attachment":[{"href":"https:\/\/tvc16.com\/portal\/wp-json\/wp\/v2\/media?parent=99741"}],"wp:term":[{"taxonomy":"category","embeddable":true,"href":"https:\/\/tvc16.com\/portal\/wp-json\/wp\/v2\/categories?post=99741"},{"taxonomy":"post_tag","embeddable":true,"href":"https:\/\/tvc16.com\/portal\/wp-json\/wp\/v2\/tags?post=99741"}],"curies":[{"name":"wp","href":"https:\/\/api.w.org\/{rel}","templated":true}]}}