{"id":9975,"date":"2021-01-29T22:45:35","date_gmt":"2021-01-30T01:45:35","guid":{"rendered":"https:\/\/tvc16.com\/portal\/?p=9975"},"modified":"2021-01-29T22:45:37","modified_gmt":"2021-01-30T01:45:37","slug":"coordenadoria-de-bem-estar-animal-cobea-vai-promover-feiras-de-doacao-de-animais-quinzenalmente-a-partir-de-fevereiro","status":"publish","type":"post","link":"https:\/\/tvc16.com\/portal\/2021\/01\/29\/coordenadoria-de-bem-estar-animal-cobea-vai-promover-feiras-de-doacao-de-animais-quinzenalmente-a-partir-de-fevereiro\/","title":{"rendered":"Coordenadoria de Bem-estar Animal (Cobea), vai promover feiras de doa\u00e7\u00e3o de animais quinzenalmente a partir de fevereiro"},"content":{"rendered":"\n<p>O primeiro evento ser\u00e1 realizado na Pra\u00e7a Dom Pedro, no dia 6, de 10 \u00e0s 15h. Em cada a\u00e7\u00e3o, ser\u00e3o disponibilizadas duas barracas para os protetores &#8211; estes dever\u00e3o estar cadastrados na Cobea para serem inclu\u00eddos no cronograma. O objetivo \u00e9 estimular a posse respons\u00e1vel com a frase, &#8220;N\u00e3o compre, adote&#8221;.<\/p>\n\n\n\n<p>Os animais (filhotes e adultos) levados para a feira pelos protetores estar\u00e3o vacinados, vermifugados e as f\u00eameas castradas. \u201cA causa animal tem um grande apelo na nossa cidade e estamos atentos a essa quest\u00e3o. A feira ser\u00e1 n\u00e3o apenas para a ado\u00e7\u00e3o, mas tamb\u00e9m uma forma de conscientizar o p\u00fablico sobre a posse respons\u00e1vel, cuidado com os animais, al\u00e9m de ser uma forma de apoiarmos os protetores\u201d, destacou o prefeito Hingo Hammes.<\/p>\n\n\n\n<p>Para adotar \u00e9 preciso ser maior de idade, al\u00e9m de ter em m\u00e3os o documento de identidade, CPF e um comprovante de resid\u00eancia. Segundo Jo\u00e3o Valois, coordenador de Bem-estar Animal, para adotar \u00e9 necess\u00e1rio ter responsabilidade.<\/p>\n\n\n\n<p>\u201cOs animais t\u00eam muitas necessidades como fome e sono, al\u00e9m disso, precisam ser vacinados, alimentados e bem cuidados. Se voc\u00ea n\u00e3o tem condi\u00e7\u00f5es de dar a devida aten\u00e7\u00e3o, n\u00e3o adote. S\u00e3o animais, seja o gato ou o cachorro, com muito sentimento. Precisamos ser conscientes\u201d, disse.<\/p>\n\n\n\n<p>Os protetores interessados em participar podem fazer contato com a Cobea atrav\u00e9s do telefone: (24) 2291-1505 ou por e-mail: ceaicobea@petropolis.rj.gov.br<\/p>\n","protected":false},"excerpt":{"rendered":"<p>O primeiro evento ser\u00e1 realizado na Pra\u00e7a Dom Pedro, no dia 6, de 10 \u00e0s<\/p>\n","protected":false},"author":2,"featured_media":0,"comment_status":"open","ping_status":"open","sticky":false,"template":"","format":"standard","meta":{"footnotes":""},"categories":[12],"tags":[],"class_list":["post-9975","post","type-post","status-publish","format-standard","hentry","category-cidade"],"_links":{"self":[{"href":"https:\/\/tvc16.com\/portal\/wp-json\/wp\/v2\/posts\/9975","targetHints":{"allow":["GET"]}}],"collection":[{"href":"https:\/\/tvc16.com\/portal\/wp-json\/wp\/v2\/posts"}],"about":[{"href":"https:\/\/tvc16.com\/portal\/wp-json\/wp\/v2\/types\/post"}],"author":[{"embeddable":true,"href":"https:\/\/tvc16.com\/portal\/wp-json\/wp\/v2\/users\/2"}],"replies":[{"embeddable":true,"href":"https:\/\/tvc16.com\/portal\/wp-json\/wp\/v2\/comments?post=9975"}],"version-history":[{"count":1,"href":"https:\/\/tvc16.com\/portal\/wp-json\/wp\/v2\/posts\/9975\/revisions"}],"predecessor-version":[{"id":9977,"href":"https:\/\/tvc16.com\/portal\/wp-json\/wp\/v2\/posts\/9975\/revisions\/9977"}],"wp:attachment":[{"href":"https:\/\/tvc16.com\/portal\/wp-json\/wp\/v2\/media?parent=9975"}],"wp:term":[{"taxonomy":"category","embeddable":true,"href":"https:\/\/tvc16.com\/portal\/wp-json\/wp\/v2\/categories?post=9975"},{"taxonomy":"post_tag","embeddable":true,"href":"https:\/\/tvc16.com\/portal\/wp-json\/wp\/v2\/tags?post=9975"}],"curies":[{"name":"wp","href":"https:\/\/api.w.org\/{rel}","templated":true}]}}