{"id":99756,"date":"2025-02-25T11:42:31","date_gmt":"2025-02-25T14:42:31","guid":{"rendered":"https:\/\/tvc16.com\/portal\/?p=99756"},"modified":"2025-02-25T11:42:33","modified_gmt":"2025-02-25T14:42:33","slug":"governo-do-estado-divulga-esta-semana-quase-2-500-oportunidades-de-emprego-estagio-e-jovem-aprendiz-em-territorio-fluminense","status":"publish","type":"post","link":"https:\/\/tvc16.com\/portal\/2025\/02\/25\/governo-do-estado-divulga-esta-semana-quase-2-500-oportunidades-de-emprego-estagio-e-jovem-aprendiz-em-territorio-fluminense\/","title":{"rendered":"\u00a0Governo do Estado divulga, esta semana, quase 2.500 oportunidades de emprego, est\u00e1gio e jovem aprendiz em territ\u00f3rio fluminense"},"content":{"rendered":"\n<p><em>Regi\u00e3o Metropolitana concentra o maior n\u00famero de vagas, com sal\u00e1rios de at\u00e9 R$ 6.000<\/em><\/p>\n\n\n\n<p>O Governo do Estado, por meio da Secretaria de Trabalho e Renda, est\u00e1 divulgando, esta semana, 2.499 oportunidades de trabalho no Rio de Janeiro. S\u00e3o 1.730 vagas de emprego formal e 769 para est\u00e1gio e jovem aprendiz, com diferentes n\u00edveis de escolaridade. Todas as posi\u00e7\u00f5es s\u00e3o disponibilizadas por meio dos postos do Sistema Nacional de Emprego (Sine), enquanto os est\u00e1gios e oportunidades de jovem aprendiz s\u00e3o fruto de parceria com a Funda\u00e7\u00e3o Mudes.<br>As 1.730 vagas oferecidas pelo Sine est\u00e3o distribu\u00eddas pelas regi\u00f5es Metropolitana, M\u00e9dio Para\u00edba e Serrana. A regi\u00e3o Metropolitana concentra quase 85% das oportunidades: s\u00e3o 1.399 posi\u00e7\u00f5es para diferentes n\u00edveis de escolaridade, entre as quais 284 dirigidas a pessoas com defici\u00eancia (PcD). H\u00e1, por exemplo, mais de 20 vagas para operador de rolo e mais de 25 para carpinteiro, localizadas em diversos bairros do Rio de Janeiro, com remunera\u00e7\u00e3o de dois sal\u00e1rios m\u00ednimos (R$ 3.036).<\/p>\n\n\n\n<p>A regi\u00e3o oferece ainda vagas com sal\u00e1rios de R$ 6.072, tais como as de motorista entregador (Belford Roxo e Jacarepagu\u00e1), motofretista (Belford Roxo), e mo\u00e7o de conv\u00e9s (Angra dos Reis), entre outras. Para as fun\u00e7\u00f5es de fiscal de caixa, gerente de restaurante e marceneiro, entre outras, a remunera\u00e7\u00e3o \u00e9 de cerca de R$ 4.500.<\/p>\n\n\n\n<p>Na regi\u00e3o do M\u00e9dio Para\u00edba, foram captadas 11 vagas, todas localizadas na cidade de Valen\u00e7a, com sal\u00e1rios que podem chegar a R$ 3.036, tais como bab\u00e1, carpinteiro, cuidador de idosos e auxiliar administrativo. J\u00e1 na Regi\u00e3o Serrana, s\u00e3o 320 oportunidades, todas para Teres\u00f3polis, e a maior parte no bairro de V\u00e1rzea. H\u00e1 posi\u00e7\u00f5es de faxineiro, eletricista, pedreiro, balconista, gar\u00e7om e almoxarife, entre outras, com remunera\u00e7\u00e3o m\u00e9dia de um sal\u00e1rio m\u00ednimo e experi\u00eancia exigida. &nbsp;<\/p>\n\n\n\n<p>De acordo com an\u00e1lise do Observat\u00f3rio do Trabalho da Secretaria de Estado de Trabalho e Renda, 63,9% das vagas oferecidas esta semana s\u00e3o do setor de Servi\u00e7os, seguido pelo Com\u00e9rcio, com 36%. Quanto \u00e0 escolaridade, 44,6% das oportunidades exigem o Ensino M\u00e9dio completo. Em rela\u00e7\u00e3o aos sal\u00e1rios oferecidos, 48,1% das vagas chegam a dois sal\u00e1rios m\u00ednimos e 44,3% oferecem um sal\u00e1rio m\u00ednimo. A maioria das oportunidades (69,3%) exige experi\u00eancia.<\/p>\n\n\n\n<p>A secretaria lembra que \u00e9 importante manter cadastro e curr\u00edculos atualizados no Sistema Nacional de Emprego, que analisa o perfil do candidato e a vaga cadastrada pelo empregador. Para se inscrever ou atualizar o cadastro, \u00e9 necess\u00e1rio ir a uma unidade do Sine levando os documentos de identifica\u00e7\u00e3o civil, carteira de trabalho, PIS\/PASEP\/NIT\/NIS e CPF. Para consultar o endere\u00e7o das unidades e os detalhes de todas as vagas oferecidas, basta acessar o Painel Interativo de Vagas da Secretaria de Trabalho e Renda do estado, dispon\u00edvel no site&nbsp;<a href=\"http:\/\/www.rj.gov.br\/trabalho\/\" target=\"_blank\" rel=\"noreferrer noopener\">http:\/\/www.rj.gov.br\/trabalho\/<\/a>.<\/p>\n\n\n\n<p>A Secretaria de Trabalho e Renda tamb\u00e9m divulga est\u00e1gios para diferentes escolaridades e oportunidades para jovem aprendiz, fruto de parcerias com diversas institui\u00e7\u00f5es. Esta semana, a Funda\u00e7\u00e3o Mudes colocou \u00e0 disposi\u00e7\u00e3o da popula\u00e7\u00e3o fluminense 769 oportunidades de est\u00e1gio. Mais informa\u00e7\u00f5es podem ser obtidas em &nbsp;<a href=\"https:\/\/www.mudes.org.br\/\" target=\"_blank\" rel=\"noreferrer noopener\">https:\/\/www.mudes.org.br\/<\/a>.<\/p>\n","protected":false},"excerpt":{"rendered":"<p>Regi\u00e3o Metropolitana concentra o maior n\u00famero de vagas, com sal\u00e1rios de at\u00e9 R$ 6.000 O<\/p>\n","protected":false},"author":2,"featured_media":27304,"comment_status":"open","ping_status":"open","sticky":false,"template":"","format":"standard","meta":{"footnotes":""},"categories":[17],"tags":[],"class_list":["post-99756","post","type-post","status-publish","format-standard","has-post-thumbnail","hentry","category-outras-noticias"],"_links":{"self":[{"href":"https:\/\/tvc16.com\/portal\/wp-json\/wp\/v2\/posts\/99756","targetHints":{"allow":["GET"]}}],"collection":[{"href":"https:\/\/tvc16.com\/portal\/wp-json\/wp\/v2\/posts"}],"about":[{"href":"https:\/\/tvc16.com\/portal\/wp-json\/wp\/v2\/types\/post"}],"author":[{"embeddable":true,"href":"https:\/\/tvc16.com\/portal\/wp-json\/wp\/v2\/users\/2"}],"replies":[{"embeddable":true,"href":"https:\/\/tvc16.com\/portal\/wp-json\/wp\/v2\/comments?post=99756"}],"version-history":[{"count":1,"href":"https:\/\/tvc16.com\/portal\/wp-json\/wp\/v2\/posts\/99756\/revisions"}],"predecessor-version":[{"id":99757,"href":"https:\/\/tvc16.com\/portal\/wp-json\/wp\/v2\/posts\/99756\/revisions\/99757"}],"wp:featuredmedia":[{"embeddable":true,"href":"https:\/\/tvc16.com\/portal\/wp-json\/wp\/v2\/media\/27304"}],"wp:attachment":[{"href":"https:\/\/tvc16.com\/portal\/wp-json\/wp\/v2\/media?parent=99756"}],"wp:term":[{"taxonomy":"category","embeddable":true,"href":"https:\/\/tvc16.com\/portal\/wp-json\/wp\/v2\/categories?post=99756"},{"taxonomy":"post_tag","embeddable":true,"href":"https:\/\/tvc16.com\/portal\/wp-json\/wp\/v2\/tags?post=99756"}],"curies":[{"name":"wp","href":"https:\/\/api.w.org\/{rel}","templated":true}]}}