{"id":99758,"date":"2025-02-26T11:00:00","date_gmt":"2025-02-26T14:00:00","guid":{"rendered":"https:\/\/tvc16.com\/portal\/?p=99758"},"modified":"2025-02-25T13:00:49","modified_gmt":"2025-02-25T16:00:49","slug":"vale-das-videiras-recebera-exposicao-coletiva-dos-criativos-do-vale","status":"publish","type":"post","link":"https:\/\/tvc16.com\/portal\/2025\/02\/26\/vale-das-videiras-recebera-exposicao-coletiva-dos-criativos-do-vale\/","title":{"rendered":"Vale das Videiras receber\u00e1 exposi\u00e7\u00e3o coletiva dos Criativos do Vale"},"content":{"rendered":"\n<p><em>Cor\u00e9thos: Ocupa\u00e7\u00e3o Art\u00edstica no Coreto acontece neste s\u00e1bado (1\u00ba)<\/em><\/p>\n\n\n\n<p>No pr\u00f3ximo s\u00e1bado, dia 1\u00ba, o Vale das Videiras ir\u00e1 receber um evento in\u00e9dito e imperd\u00edvel: a exposi\u00e7\u00e3o coletiva &#8220;Cor\u00e9thos: Ocupa\u00e7\u00e3o Art\u00edstica no Coreto&#8221;. Essa \u00e9 a primeira mostra de artistas e artes\u00e3os do Vale das Videiras, e marca o in\u00edcio de um movimento cultural que apresenta aos visitantes um novo olhar sobre a regi\u00e3o.<\/p>\n\n\n\n<p>Durante o evento os visitantes poder\u00e3o desfrutar de obras que dialogam com o territ\u00f3rio e seu contexto cultural. \u201cEstamos criando um espa\u00e7o pulsante de arte e cria\u00e7\u00e3o, onde o p\u00fablico pode vivenciar uma experi\u00eancia imersiva e po\u00e9tica&#8221;, explica o artista pl\u00e1stico Rafael Mayer, expositor e idealizador da mostra juntamente com Manu Alves.<\/p>\n\n\n\n<p>O nome &#8220;Cor\u00e9thos&#8221; \u00e9 uma fus\u00e3o de &#8220;cor&#8221;, s\u00edmbolo de vida e diversidade, e &#8220;\u00e9thos&#8221;, ess\u00eancia e identidade comunit\u00e1ria. Essa combina\u00e7\u00e3o reflete a ess\u00eancia do evento, que busca ressignificar o coreto como um ponto de encontro para a comunidade.<\/p>\n\n\n\n<p>A exposi\u00e7\u00e3o \u00e9 uma realiza\u00e7\u00e3o dos Criativos do Vale com apoio e patroc\u00ednio da AMAVALE (Associa\u00e7\u00e3o de Moradores) e busca fortalecer a rede criativa local, promovendo novas narrativas e conex\u00f5es por meio da arte.<\/p>\n\n\n\n<p>Servi\u00e7o<\/p>\n\n\n\n<p>Endere\u00e7o: Estr. Alm. Paulo Meira, 8320 &#8211; Vale das Videiras, Petr\u00f3polis &#8211; RJ<br>Hor\u00e1rio: 10h \u00e0s 17h<br>Entrada: Gratuita<\/p>\n\n\n\n<p>Foto: divulga\u00e7\u00e3o <\/p>\n","protected":false},"excerpt":{"rendered":"<p>Cor\u00e9thos: Ocupa\u00e7\u00e3o Art\u00edstica no Coreto acontece neste s\u00e1bado (1\u00ba) No pr\u00f3ximo s\u00e1bado, dia 1\u00ba, o<\/p>\n","protected":false},"author":2,"featured_media":99759,"comment_status":"open","ping_status":"open","sticky":false,"template":"","format":"standard","meta":{"footnotes":""},"categories":[12],"tags":[],"class_list":["post-99758","post","type-post","status-publish","format-standard","has-post-thumbnail","hentry","category-cidade"],"_links":{"self":[{"href":"https:\/\/tvc16.com\/portal\/wp-json\/wp\/v2\/posts\/99758","targetHints":{"allow":["GET"]}}],"collection":[{"href":"https:\/\/tvc16.com\/portal\/wp-json\/wp\/v2\/posts"}],"about":[{"href":"https:\/\/tvc16.com\/portal\/wp-json\/wp\/v2\/types\/post"}],"author":[{"embeddable":true,"href":"https:\/\/tvc16.com\/portal\/wp-json\/wp\/v2\/users\/2"}],"replies":[{"embeddable":true,"href":"https:\/\/tvc16.com\/portal\/wp-json\/wp\/v2\/comments?post=99758"}],"version-history":[{"count":1,"href":"https:\/\/tvc16.com\/portal\/wp-json\/wp\/v2\/posts\/99758\/revisions"}],"predecessor-version":[{"id":99760,"href":"https:\/\/tvc16.com\/portal\/wp-json\/wp\/v2\/posts\/99758\/revisions\/99760"}],"wp:featuredmedia":[{"embeddable":true,"href":"https:\/\/tvc16.com\/portal\/wp-json\/wp\/v2\/media\/99759"}],"wp:attachment":[{"href":"https:\/\/tvc16.com\/portal\/wp-json\/wp\/v2\/media?parent=99758"}],"wp:term":[{"taxonomy":"category","embeddable":true,"href":"https:\/\/tvc16.com\/portal\/wp-json\/wp\/v2\/categories?post=99758"},{"taxonomy":"post_tag","embeddable":true,"href":"https:\/\/tvc16.com\/portal\/wp-json\/wp\/v2\/tags?post=99758"}],"curies":[{"name":"wp","href":"https:\/\/api.w.org\/{rel}","templated":true}]}}