{"id":99761,"date":"2025-02-25T14:29:19","date_gmt":"2025-02-25T17:29:19","guid":{"rendered":"https:\/\/tvc16.com\/portal\/?p=99761"},"modified":"2025-02-25T14:29:20","modified_gmt":"2025-02-25T17:29:20","slug":"detran-rj-cancela-mutirao-de-identidade-sem-agendamento-nos-postos","status":"publish","type":"post","link":"https:\/\/tvc16.com\/portal\/2025\/02\/25\/detran-rj-cancela-mutirao-de-identidade-sem-agendamento-nos-postos\/","title":{"rendered":"Detran.RJ cancela mutir\u00e3o de identidade sem agendamento nos postos"},"content":{"rendered":"\n<p>O Detran.RJ informa que o mutir\u00e3o para emiss\u00e3o de documento de identidade nos postos, sem agendamento pr\u00e9vio, foi cancelado. O novo presidente do \u00f3rg\u00e3o, Vinicius Farah, empossado oficialmente hoje, decidiu pela suspens\u00e3o do mutir\u00e3o at\u00e9 que seja poss\u00edvel reorganizar o servi\u00e7o, garantindo um atendimento eficiente, em respeito ao cidad\u00e3o fluminense.<\/p>\n\n\n\n<p>O atendimento agendado nas unidades segue normalmente dentro da capacidade de cada posto. Al\u00e9m disso, o usu\u00e1rio tem a op\u00e7\u00e3o de emitir a segunda via do documento de identidade de forma simplificada, sem necessidade de agendamento. As informa\u00e7\u00f5es est\u00e3o neste link:&nbsp;<a rel=\"noreferrer noopener\" target=\"_blank\" href=\"https:\/\/na01.safelinks.protection.outlook.com\/?url=https%3A%2F%2Fwww.detran.rj.gov.br%2Ftodos-os-servicos%2Fservicos-dic%2F2-via-da-carteira-de-identidade-simplificada.html&amp;data=05%7C02%7C%7Cbb064ab980404a18221b08dd55ba1d5a%7C84df9e7fe9f640afb435aaaaaaaaaaaa%7C1%7C0%7C638760980026343013%7CUnknown%7CTWFpbGZsb3d8eyJFbXB0eU1hcGkiOnRydWUsIlYiOiIwLjAuMDAwMCIsIlAiOiJXaW4zMiIsIkFOIjoiTWFpbCIsIldUIjoyfQ%3D%3D%7C0%7C%7C%7C&amp;sdata=CANktv0730z8fnGSQmHR82TA7Rzs6TTSUl%2Bn5iIh7nk%3D&amp;reserved=0\">https:\/\/www.detran.rj.gov.br\/todos-os-servicos\/servicos-dic\/2-via-da-carteira-de-identidade-simplificada.html<\/a>.<\/p>\n\n\n\n<p>Foto: divulga\u00e7\u00e3o <\/p>\n","protected":false},"excerpt":{"rendered":"<p>O Detran.RJ informa que o mutir\u00e3o para emiss\u00e3o de documento de identidade nos postos, sem<\/p>\n","protected":false},"author":2,"featured_media":99762,"comment_status":"open","ping_status":"open","sticky":false,"template":"","format":"standard","meta":{"footnotes":""},"categories":[17],"tags":[],"class_list":["post-99761","post","type-post","status-publish","format-standard","has-post-thumbnail","hentry","category-outras-noticias"],"_links":{"self":[{"href":"https:\/\/tvc16.com\/portal\/wp-json\/wp\/v2\/posts\/99761","targetHints":{"allow":["GET"]}}],"collection":[{"href":"https:\/\/tvc16.com\/portal\/wp-json\/wp\/v2\/posts"}],"about":[{"href":"https:\/\/tvc16.com\/portal\/wp-json\/wp\/v2\/types\/post"}],"author":[{"embeddable":true,"href":"https:\/\/tvc16.com\/portal\/wp-json\/wp\/v2\/users\/2"}],"replies":[{"embeddable":true,"href":"https:\/\/tvc16.com\/portal\/wp-json\/wp\/v2\/comments?post=99761"}],"version-history":[{"count":1,"href":"https:\/\/tvc16.com\/portal\/wp-json\/wp\/v2\/posts\/99761\/revisions"}],"predecessor-version":[{"id":99763,"href":"https:\/\/tvc16.com\/portal\/wp-json\/wp\/v2\/posts\/99761\/revisions\/99763"}],"wp:featuredmedia":[{"embeddable":true,"href":"https:\/\/tvc16.com\/portal\/wp-json\/wp\/v2\/media\/99762"}],"wp:attachment":[{"href":"https:\/\/tvc16.com\/portal\/wp-json\/wp\/v2\/media?parent=99761"}],"wp:term":[{"taxonomy":"category","embeddable":true,"href":"https:\/\/tvc16.com\/portal\/wp-json\/wp\/v2\/categories?post=99761"},{"taxonomy":"post_tag","embeddable":true,"href":"https:\/\/tvc16.com\/portal\/wp-json\/wp\/v2\/tags?post=99761"}],"curies":[{"name":"wp","href":"https:\/\/api.w.org\/{rel}","templated":true}]}}