{"id":99770,"date":"2025-02-26T08:19:43","date_gmt":"2025-02-26T11:19:43","guid":{"rendered":"https:\/\/tvc16.com\/portal\/?p=99770"},"modified":"2025-02-26T08:19:44","modified_gmt":"2025-02-26T11:19:44","slug":"governo-vai-liberar-saldo-do-fgts-a-quem-optou-por-saque-aniversario","status":"publish","type":"post","link":"https:\/\/tvc16.com\/portal\/2025\/02\/26\/governo-vai-liberar-saldo-do-fgts-a-quem-optou-por-saque-aniversario\/","title":{"rendered":"Governo vai liberar saldo do FGTS a quem optou por saque-anivers\u00e1rio"},"content":{"rendered":"\n<p><em>Medida beneficiar\u00e1 12,1 milh\u00f5es de trabalhadores demitidos<\/em><\/p>\n\n\n\n<p>Por Wellton M\u00e1ximo \u2013 Rep\u00f3rter da Ag\u00eancia Brasil \/ Foto: Jo\u00e9dson Alves\/Ag\u00eancia Brasil<br><\/p>\n\n\n\n<p>Os trabalhadores que&nbsp;<strong>aderiram ao saque-anivers\u00e1rio do Fundo de Garantia do Tempo de Servi\u00e7o (FGTS) e foram demitidos sem justa causa poder\u00e3o sacar os recursos depositados pela empresa antes da dispensa<\/strong>. Na sexta-feira (28), o governo federal publicar\u00e1 medida provis\u00f3ria liberando os recursos, confirmou o Minist\u00e9rio do Trabalho e Emprego.<img decoding=\"async\" src=\"https:\/\/agenciabrasil.ebc.com.br\/ebc.png?id=1631870&amp;o=node\"><img decoding=\"async\" src=\"https:\/\/agenciabrasil.ebc.com.br\/ebc.gif?id=1631870&amp;o=node\"><\/p>\n\n\n\n<p>A medida&nbsp;<strong>beneficiar\u00e1 12,1 milh\u00f5es de trabalhadores dispensados desde janeiro de 2020 at\u00e9 a data da publica\u00e7\u00e3o da MP e injetar\u00e1 R$ 12 bilh\u00f5es na economi<\/strong>a. Segundo o Minist\u00e9rio do Trabalho, os&nbsp;<strong>valores ser\u00e3o creditados na conta cadastrada no FGTS em duas etapas<\/strong>.<\/p>\n\n\n\n<p>Na primeira etapa, ser\u00e1 depositado&nbsp;<strong>valor at\u00e9 o limite de R$ 3 mil<\/strong>&nbsp;da parcela depositada pelo empregador anterior. Se o valor for superior, o saldo&nbsp;<strong>restante ser\u00e1 liberado numa segunda etap<\/strong>a, 110 dias ap\u00f3s a publica\u00e7\u00e3o da MP.<\/p>\n\n\n\n<p>A libera\u00e7\u00e3o ocorrer\u00e1&nbsp;<strong>apenas nessas duas fases<\/strong>.<\/p>\n\n\n\n<p><strong>Depois desse prazo, os trabalhadores que optarem pelo saque-anivers\u00e1rio e forem demitidos n\u00e3o poder\u00e3o acessar o saldo, que permanecer\u00e1 retido<\/strong>.<\/p>\n\n\n\n<p>Nesta ter\u00e7a-feira (25), o presidente Luiz In\u00e1cio Lula da Silva se reuniria com o ministro do Trabalho, Luiz Marinho, e as centrais sindicais para comunicar a medida. No entanto, o encontro foi adiado por problemas de agenda, informou o&nbsp;Pal\u00e1cio do Planalto. Durante a tarde, Lula se reuniu com N\u00edsia Trindade,&nbsp;<a href=\"https:\/\/agenciabrasil.ebc.com.br\/politica\/noticia\/2025-02\/lula-decide-substituir-nisia-por-padilha-no-ministerio-da-saude\" target=\"_blank\" rel=\"noreferrer noopener\">quando comunicou-a da sa\u00edda do cargo de ministra da Sa\u00fade<\/a>.<\/p>\n\n\n\n<h2 class=\"wp-block-heading\">Saque-anivers\u00e1rio<\/h2>\n\n\n\n<p>Criada em 2019 e em vigor desde 2020, a modalidade do saque-anivers\u00e1rio&nbsp;permite a retirada de parte do saldo de qualquer conta ativa ou inativa do fundo a cada ano, no m\u00eas de anivers\u00e1rio.<\/p>\n\n\n\n<p>Em troca, o trabalhador n\u00e3o poder\u00e1 sacar o valor depositado pela empresa em caso de demiss\u00e3o sem justa causa, apenas a multa rescis\u00f3ria.<\/p>\n\n\n\n<p>O per\u00edodo de saques come\u00e7a no primeiro dia \u00fatil do m\u00eas de anivers\u00e1rio do trabalhador. Os valores ficam dispon\u00edveis at\u00e9 o \u00faltimo dia \u00fatil do segundo m\u00eas subsequente.<\/p>\n\n\n\n<p>Caso o dinheiro n\u00e3o seja retirado no prazo, volta para as contas do FGTS em nome do trabalhador.<\/p>\n\n\n\n<p>Relacionadas<\/p>\n\n\n\n<p><a href=\"https:\/\/agenciabrasil.ebc.com.br\/economia\/noticia\/2025-02\/haddad-desmente-fake-news-sobre-aumento-de-contribuicao-do-mei\"><\/a><\/p>\n","protected":false},"excerpt":{"rendered":"<p>Medida beneficiar\u00e1 12,1 milh\u00f5es de trabalhadores demitidos Por Wellton M\u00e1ximo \u2013 Rep\u00f3rter da Ag\u00eancia Brasil<\/p>\n","protected":false},"author":2,"featured_media":99771,"comment_status":"open","ping_status":"open","sticky":false,"template":"","format":"standard","meta":{"footnotes":""},"categories":[17],"tags":[],"class_list":["post-99770","post","type-post","status-publish","format-standard","has-post-thumbnail","hentry","category-outras-noticias"],"_links":{"self":[{"href":"https:\/\/tvc16.com\/portal\/wp-json\/wp\/v2\/posts\/99770","targetHints":{"allow":["GET"]}}],"collection":[{"href":"https:\/\/tvc16.com\/portal\/wp-json\/wp\/v2\/posts"}],"about":[{"href":"https:\/\/tvc16.com\/portal\/wp-json\/wp\/v2\/types\/post"}],"author":[{"embeddable":true,"href":"https:\/\/tvc16.com\/portal\/wp-json\/wp\/v2\/users\/2"}],"replies":[{"embeddable":true,"href":"https:\/\/tvc16.com\/portal\/wp-json\/wp\/v2\/comments?post=99770"}],"version-history":[{"count":1,"href":"https:\/\/tvc16.com\/portal\/wp-json\/wp\/v2\/posts\/99770\/revisions"}],"predecessor-version":[{"id":99772,"href":"https:\/\/tvc16.com\/portal\/wp-json\/wp\/v2\/posts\/99770\/revisions\/99772"}],"wp:featuredmedia":[{"embeddable":true,"href":"https:\/\/tvc16.com\/portal\/wp-json\/wp\/v2\/media\/99771"}],"wp:attachment":[{"href":"https:\/\/tvc16.com\/portal\/wp-json\/wp\/v2\/media?parent=99770"}],"wp:term":[{"taxonomy":"category","embeddable":true,"href":"https:\/\/tvc16.com\/portal\/wp-json\/wp\/v2\/categories?post=99770"},{"taxonomy":"post_tag","embeddable":true,"href":"https:\/\/tvc16.com\/portal\/wp-json\/wp\/v2\/tags?post=99770"}],"curies":[{"name":"wp","href":"https:\/\/api.w.org\/{rel}","templated":true}]}}