{"id":9978,"date":"2021-01-29T22:48:19","date_gmt":"2021-01-30T01:48:19","guid":{"rendered":"https:\/\/tvc16.com\/portal\/?p=9978"},"modified":"2021-01-29T22:48:22","modified_gmt":"2021-01-30T01:48:22","slug":"estudo-aponta-infeccao-simultanea-por-duas-variantes-do-coronavirus","status":"publish","type":"post","link":"https:\/\/tvc16.com\/portal\/2021\/01\/29\/estudo-aponta-infeccao-simultanea-por-duas-variantes-do-coronavirus\/","title":{"rendered":"Estudo aponta infec\u00e7\u00e3o simult\u00e2nea por duas variantes do coronav\u00edrus"},"content":{"rendered":"\n<p>Pesquisa feita pelo Minist\u00e9rio de Ci\u00eancia e Tecnologia tamb\u00e9m identificou uma nova variante do v\u00edrus, no Rio Grande do Sul, o que preocupa as autoridades<\/p>\n\n\n\n<p>Estudo aponta infec\u00e7\u00e3o simult\u00e2nea por duas variantes do coronav\u00edrus. A pesquisa foi realizada pelo Laborat\u00f3rio Nacional de Computa\u00e7\u00e3o Cient\u00edfica (LNCC), do <a href=\"https:\/\/www.gov.br\/mcti\/pt-br\/acompanhe-o-mcti\/noticias\/2021\/01\/pesquisadores-da-redevirus-mcti-identificam-coinfeccao-de-pacientes-por-duas-linhagens-diferentes-do-virus-causador-da-covid-19\">Minist\u00e9rio de Ci\u00eancia e Tecnologia<\/a>, pela Universidade Feevale e pela Rede V\u00edrus. Os pacientes analisados eram todos do Rio Grande do Sul.<\/p>\n\n\n\n<p>Ao todo, 92 pessoas infectadas participaram do estudo. Dentre elas, duas registraram coinfec\u00e7\u00e3o, ou seja, infec\u00e7\u00e3o simult\u00e2nea por linhagens diferentes do coronav\u00edrus. Apesar disso, os dois pacientes tiveram sintomas leves e moderados da doen\u00e7a, sem necessidade de hospitaliza\u00e7\u00e3o. Segundo os estudiosos, a situa\u00e7\u00e3o \u00e9 preocupante, j\u00e1 que a mistura de genomas de diferentes varia\u00e7\u00f5es pode levar \u00e0 evolu\u00e7\u00e3o do v\u00edrus.\u00a0<\/p>\n\n\n\n<p>Os pesquisadores tamb\u00e9m identificaram a circula\u00e7\u00e3o de cinco linhagens diferentes do v\u00edrus, no Rio Grande do Sul. Entre elas uma nova linhagem, que est\u00e1 sob investiga\u00e7\u00e3o e estudos. O LNCC demonstra preocupa\u00e7\u00e3o com a possibilidade da dispers\u00e3o dessa nova variante para outros estados e pa\u00edses vizinhos.<\/p>\n\n\n\n<p>Fonte: <a href=\"https:\/\/brasil61.com\/noticias\/estudo-aponta-infeccao-simultanea-por-duas-variantes-do-coronavirus-bras213626?email=bethdeoliveira@yahoo.com.br&amp;utm_source=newsletter&amp;utm_medium=newsletter&amp;utm_campaign=newsletter\" target=\"_blank\" rel=\"noreferrer noopener\">Brasil 61<\/a><\/p>\n","protected":false},"excerpt":{"rendered":"<p>Pesquisa feita pelo Minist\u00e9rio de Ci\u00eancia e Tecnologia tamb\u00e9m identificou uma nova variante do v\u00edrus,<\/p>\n","protected":false},"author":2,"featured_media":0,"comment_status":"open","ping_status":"open","sticky":false,"template":"","format":"standard","meta":{"footnotes":""},"categories":[17],"tags":[],"class_list":["post-9978","post","type-post","status-publish","format-standard","hentry","category-outras-noticias"],"_links":{"self":[{"href":"https:\/\/tvc16.com\/portal\/wp-json\/wp\/v2\/posts\/9978","targetHints":{"allow":["GET"]}}],"collection":[{"href":"https:\/\/tvc16.com\/portal\/wp-json\/wp\/v2\/posts"}],"about":[{"href":"https:\/\/tvc16.com\/portal\/wp-json\/wp\/v2\/types\/post"}],"author":[{"embeddable":true,"href":"https:\/\/tvc16.com\/portal\/wp-json\/wp\/v2\/users\/2"}],"replies":[{"embeddable":true,"href":"https:\/\/tvc16.com\/portal\/wp-json\/wp\/v2\/comments?post=9978"}],"version-history":[{"count":1,"href":"https:\/\/tvc16.com\/portal\/wp-json\/wp\/v2\/posts\/9978\/revisions"}],"predecessor-version":[{"id":9980,"href":"https:\/\/tvc16.com\/portal\/wp-json\/wp\/v2\/posts\/9978\/revisions\/9980"}],"wp:attachment":[{"href":"https:\/\/tvc16.com\/portal\/wp-json\/wp\/v2\/media?parent=9978"}],"wp:term":[{"taxonomy":"category","embeddable":true,"href":"https:\/\/tvc16.com\/portal\/wp-json\/wp\/v2\/categories?post=9978"},{"taxonomy":"post_tag","embeddable":true,"href":"https:\/\/tvc16.com\/portal\/wp-json\/wp\/v2\/tags?post=9978"}],"curies":[{"name":"wp","href":"https:\/\/api.w.org\/{rel}","templated":true}]}}