{"id":99799,"date":"2025-02-27T05:15:00","date_gmt":"2025-02-27T08:15:00","guid":{"rendered":"https:\/\/tvc16.com\/portal\/?p=99799"},"modified":"2025-02-26T09:17:37","modified_gmt":"2025-02-26T12:17:37","slug":"agita-folia-e-projeto-conviver-promovem-atividades-de-saude-e-bem-estar-para-idosos-durante-o-carnaval","status":"publish","type":"post","link":"https:\/\/tvc16.com\/portal\/2025\/02\/27\/agita-folia-e-projeto-conviver-promovem-atividades-de-saude-e-bem-estar-para-idosos-durante-o-carnaval\/","title":{"rendered":"Agita Folia e Projeto Conviver promovem atividades de sa\u00fade e bem-estar para idosos durante o Carnaval"},"content":{"rendered":"\n<p>A Folia Imperial j\u00e1 come\u00e7ou, e al\u00e9m dos blocos e festas, a Prefeitura est\u00e1 com uma programa\u00e7\u00e3o completa para quem prefere focar nas atividades f\u00edsicas e pr\u00e1ticas de bem-estar. O Projeto Conviver do Inpas e o Agita Petr\u00f3polis da Secretaria de Esportes contam com quatro dias de atividades festivas durante a folia.<\/p>\n\n\n\n<p>&#8220;Nosso objetivo \u00e9 que o Carnaval seja um evento inclusivo e acess\u00edvel a todos os cidad\u00e3os de Petr\u00f3polis, oferecendo uma oportunidade de lazer e divers\u00e3o para todas as idades e comunidades.&#8221;, disse o prefeito Hingo Hammes.<\/p>\n\n\n\n<p><strong>Agita Folia<\/strong><\/p>\n\n\n\n<p>O Agita Folia promete empolgar a Pra\u00e7a da Liberdade durante o fim de semana de Carnaval. Ser\u00e3o tr\u00eas dias de atividades na Pra\u00e7a da Liberdade com: Caminhada, marchinha de carnaval, alongamento, aula de mobilidade, dan\u00e7a, dentre outras atividades. \u201c\u00c9 uma oportunidade para, mesmo neste per\u00edodo de festas e folias, cuidar da sua sa\u00fade e bem-estar. Hoje o Agita Petr\u00f3polis conta com um p\u00fablico expressivo de alunos idosos e queremos que este seja um dia de divers\u00e3o e sa\u00fade para todos\u201d, comenta o secret\u00e1rio de Esportes Leandro Kronenberger.<\/p>\n\n\n\n<p><strong>Projeto Conviver<\/strong><\/p>\n\n\n\n<p>J\u00e1 o Projeto Conviver do Inpas, leva para o Pal\u00e1cio de Cristal, nesta quarta-feira (26), um bloco de Carnaval voltado para a terceira idade. Uma oportunidade para todos os idosos do munic\u00edpio aproveitarem um momento de lazer, bem-estar e conv\u00edvio social. \u201cO Projeto Conviver \u00e9 uma oportunidade para que possamos trabalhar com este p\u00fablico pr\u00e1ticas de conviv\u00eancia e atividade f\u00edsica. Um trabalho pensado para melhorar a autoestima e a qualidade de vida dos nossos idosos\u201d, afirma o Diretor do Inpas Alex Christ.<\/p>\n\n\n\n<p><strong>Servi\u00e7o<\/strong><\/p>\n\n\n\n<p>Projeto Conviver<br>Data: 26 de fevereiro<br>Hor\u00e1rio: 9h<br>Local: Pal\u00e1cio de Cristal<\/p>\n\n\n\n<p>Agita Folia<br>Pra\u00e7a da Liberdade<\/p>\n\n\n\n<p>Bloquinho Terceira Idade<br>Data: Sexta-feira (28)<br>Hor\u00e1rio: 9h<\/p>\n\n\n\n<p>Bloquinho Branco e Verde<br>Data: s\u00e1bado (1\u00ba)<br>Hor\u00e1rio: 9h<\/p>\n\n\n\n<p>Bloquinho Maluco<br>Data: Domingo (02)<br>Hor\u00e1rio: 9h<\/p>\n","protected":false},"excerpt":{"rendered":"<p>A Folia Imperial j\u00e1 come\u00e7ou, e al\u00e9m dos blocos e festas, a Prefeitura est\u00e1 com<\/p>\n","protected":false},"author":2,"featured_media":99800,"comment_status":"open","ping_status":"open","sticky":false,"template":"","format":"standard","meta":{"footnotes":""},"categories":[12],"tags":[],"class_list":["post-99799","post","type-post","status-publish","format-standard","has-post-thumbnail","hentry","category-cidade"],"_links":{"self":[{"href":"https:\/\/tvc16.com\/portal\/wp-json\/wp\/v2\/posts\/99799","targetHints":{"allow":["GET"]}}],"collection":[{"href":"https:\/\/tvc16.com\/portal\/wp-json\/wp\/v2\/posts"}],"about":[{"href":"https:\/\/tvc16.com\/portal\/wp-json\/wp\/v2\/types\/post"}],"author":[{"embeddable":true,"href":"https:\/\/tvc16.com\/portal\/wp-json\/wp\/v2\/users\/2"}],"replies":[{"embeddable":true,"href":"https:\/\/tvc16.com\/portal\/wp-json\/wp\/v2\/comments?post=99799"}],"version-history":[{"count":1,"href":"https:\/\/tvc16.com\/portal\/wp-json\/wp\/v2\/posts\/99799\/revisions"}],"predecessor-version":[{"id":99801,"href":"https:\/\/tvc16.com\/portal\/wp-json\/wp\/v2\/posts\/99799\/revisions\/99801"}],"wp:featuredmedia":[{"embeddable":true,"href":"https:\/\/tvc16.com\/portal\/wp-json\/wp\/v2\/media\/99800"}],"wp:attachment":[{"href":"https:\/\/tvc16.com\/portal\/wp-json\/wp\/v2\/media?parent=99799"}],"wp:term":[{"taxonomy":"category","embeddable":true,"href":"https:\/\/tvc16.com\/portal\/wp-json\/wp\/v2\/categories?post=99799"},{"taxonomy":"post_tag","embeddable":true,"href":"https:\/\/tvc16.com\/portal\/wp-json\/wp\/v2\/tags?post=99799"}],"curies":[{"name":"wp","href":"https:\/\/api.w.org\/{rel}","templated":true}]}}