{"id":998,"date":"2020-09-22T21:18:30","date_gmt":"2020-09-22T21:18:30","guid":{"rendered":"https:\/\/tvc16.com\/portal\/?p=998"},"modified":"2020-09-22T21:18:30","modified_gmt":"2020-09-22T21:18:30","slug":"o-serrano-entra-em-campo-nesta-quarta-feira-as-15h-para-enfrentar-o-audax-no-estadio-atilio-marotti-em-jogo-valido-pela-segunda-rodada-da-taca-santos-dumont-primeiro-turno","status":"publish","type":"post","link":"https:\/\/tvc16.com\/portal\/2020\/09\/22\/o-serrano-entra-em-campo-nesta-quarta-feira-as-15h-para-enfrentar-o-audax-no-estadio-atilio-marotti-em-jogo-valido-pela-segunda-rodada-da-taca-santos-dumont-primeiro-turno\/","title":{"rendered":"O Serrano entra em campo nesta quarta-feira, \u00e0s 15h, para enfrentar o Audax no est\u00e1dio At\u00edlio Marotti em jogo v\u00e1lido pela segunda rodada da Ta\u00e7a Santos Dumont (primeiro turno)."},"content":{"rendered":"\n<p><br>Por Roberto M\u00e1rcio\u00a0<\/p>\n\n\n\n<p>Foto: Gladstone Lucas<\/p>\n\n\n\n<p><br>Em clima de euforia, os serranistas buscam a segunda vit\u00f3ria na competi\u00e7\u00e3o, enquanto que o rival da Regi\u00e3o Metropolitana vem de resultado negativo. Nesta ter\u00e7a feira, 22, os jogadores conheceram o novo gramado do At\u00edlio Marotti, reformado h\u00e1 tr\u00eas meses para os jogos da Segundona. Por causa da chuva, houve treinos leves para n\u00e3o prejudicar o piso do local.\u00a0O t\u00e9cnico Maurinho Fonseca n\u00e3o divulgou a escala\u00e7\u00e3o do Serrano para a partida contra o Audax, mas \u00e9 certa a aus\u00eancia do meia atacante Acioly, expulso no duelo em que o time venceu o Serra Macaense por 3 a 2. O treinador deve anunciar a escala\u00e7\u00e3o momentos antes de a bola rolar. Por causa da pandemia do coronav\u00edrus, est\u00e1 vedada a presen\u00e7a da torcida no est\u00e1dio, mas um grupo pretende levar apoio aos jogadores do time de Petr\u00f3polis no entorno do At\u00edlio Marotti.  <\/p>\n","protected":false},"excerpt":{"rendered":"<p>Por Roberto M\u00e1rcio\u00a0 Foto: Gladstone Lucas Em clima de euforia, os serranistas buscam a segunda<\/p>\n","protected":false},"author":2,"featured_media":999,"comment_status":"open","ping_status":"open","sticky":false,"template":"","format":"standard","meta":{"footnotes":""},"categories":[20],"tags":[],"class_list":["post-998","post","type-post","status-publish","format-standard","has-post-thumbnail","hentry","category-esporte"],"_links":{"self":[{"href":"https:\/\/tvc16.com\/portal\/wp-json\/wp\/v2\/posts\/998","targetHints":{"allow":["GET"]}}],"collection":[{"href":"https:\/\/tvc16.com\/portal\/wp-json\/wp\/v2\/posts"}],"about":[{"href":"https:\/\/tvc16.com\/portal\/wp-json\/wp\/v2\/types\/post"}],"author":[{"embeddable":true,"href":"https:\/\/tvc16.com\/portal\/wp-json\/wp\/v2\/users\/2"}],"replies":[{"embeddable":true,"href":"https:\/\/tvc16.com\/portal\/wp-json\/wp\/v2\/comments?post=998"}],"version-history":[{"count":1,"href":"https:\/\/tvc16.com\/portal\/wp-json\/wp\/v2\/posts\/998\/revisions"}],"predecessor-version":[{"id":1000,"href":"https:\/\/tvc16.com\/portal\/wp-json\/wp\/v2\/posts\/998\/revisions\/1000"}],"wp:featuredmedia":[{"embeddable":true,"href":"https:\/\/tvc16.com\/portal\/wp-json\/wp\/v2\/media\/999"}],"wp:attachment":[{"href":"https:\/\/tvc16.com\/portal\/wp-json\/wp\/v2\/media?parent=998"}],"wp:term":[{"taxonomy":"category","embeddable":true,"href":"https:\/\/tvc16.com\/portal\/wp-json\/wp\/v2\/categories?post=998"},{"taxonomy":"post_tag","embeddable":true,"href":"https:\/\/tvc16.com\/portal\/wp-json\/wp\/v2\/tags?post=998"}],"curies":[{"name":"wp","href":"https:\/\/api.w.org\/{rel}","templated":true}]}}