{"id":99804,"date":"2025-02-26T09:21:40","date_gmt":"2025-02-26T12:21:40","guid":{"rendered":"https:\/\/tvc16.com\/portal\/?p=99804"},"modified":"2025-02-26T09:21:42","modified_gmt":"2025-02-26T12:21:42","slug":"homem-e-preso-por-descumprir-medida-protetiva-na-regiao-serrana","status":"publish","type":"post","link":"https:\/\/tvc16.com\/portal\/2025\/02\/26\/homem-e-preso-por-descumprir-medida-protetiva-na-regiao-serrana\/","title":{"rendered":"Homem \u00e9 preso por descumprir medida protetiva na Regi\u00e3o Serrana"},"content":{"rendered":"\n<p>Agentes da 105\u00aa DP (Petr\u00f3polis) prenderam, nesta segunda-feira (24\/02), um homem acusado de descumprir medida protetiva. Ele foi localizado e capturado no bairro de Cascatinha, no munic\u00edpio de Petr\u00f3polis, na Regi\u00e3o Serrana, ap\u00f3s trabalhos de intelig\u00eancia e monitoramento da unidade.<\/p>\n\n\n\n<p>Diante dos fatos, foi cumprido o mandado de pris\u00e3o preventiva por descumprimento de medida protetiva.<\/p>\n","protected":false},"excerpt":{"rendered":"<p>Agentes da 105\u00aa DP (Petr\u00f3polis) prenderam, nesta segunda-feira (24\/02), um homem acusado de descumprir medida<\/p>\n","protected":false},"author":2,"featured_media":99805,"comment_status":"open","ping_status":"open","sticky":false,"template":"","format":"standard","meta":{"footnotes":""},"categories":[12],"tags":[],"class_list":["post-99804","post","type-post","status-publish","format-standard","has-post-thumbnail","hentry","category-cidade"],"_links":{"self":[{"href":"https:\/\/tvc16.com\/portal\/wp-json\/wp\/v2\/posts\/99804","targetHints":{"allow":["GET"]}}],"collection":[{"href":"https:\/\/tvc16.com\/portal\/wp-json\/wp\/v2\/posts"}],"about":[{"href":"https:\/\/tvc16.com\/portal\/wp-json\/wp\/v2\/types\/post"}],"author":[{"embeddable":true,"href":"https:\/\/tvc16.com\/portal\/wp-json\/wp\/v2\/users\/2"}],"replies":[{"embeddable":true,"href":"https:\/\/tvc16.com\/portal\/wp-json\/wp\/v2\/comments?post=99804"}],"version-history":[{"count":1,"href":"https:\/\/tvc16.com\/portal\/wp-json\/wp\/v2\/posts\/99804\/revisions"}],"predecessor-version":[{"id":99806,"href":"https:\/\/tvc16.com\/portal\/wp-json\/wp\/v2\/posts\/99804\/revisions\/99806"}],"wp:featuredmedia":[{"embeddable":true,"href":"https:\/\/tvc16.com\/portal\/wp-json\/wp\/v2\/media\/99805"}],"wp:attachment":[{"href":"https:\/\/tvc16.com\/portal\/wp-json\/wp\/v2\/media?parent=99804"}],"wp:term":[{"taxonomy":"category","embeddable":true,"href":"https:\/\/tvc16.com\/portal\/wp-json\/wp\/v2\/categories?post=99804"},{"taxonomy":"post_tag","embeddable":true,"href":"https:\/\/tvc16.com\/portal\/wp-json\/wp\/v2\/tags?post=99804"}],"curies":[{"name":"wp","href":"https:\/\/api.w.org\/{rel}","templated":true}]}}