{"id":99807,"date":"2025-02-26T09:36:06","date_gmt":"2025-02-26T12:36:06","guid":{"rendered":"https:\/\/tvc16.com\/portal\/?p=99807"},"modified":"2025-02-26T09:36:10","modified_gmt":"2025-02-26T12:36:10","slug":"prefeitura-de-petropolis-promove-formacao-para-orientadores-escolares-da-1a-regiao","status":"publish","type":"post","link":"https:\/\/tvc16.com\/portal\/2025\/02\/26\/prefeitura-de-petropolis-promove-formacao-para-orientadores-escolares-da-1a-regiao\/","title":{"rendered":"Prefeitura de Petr\u00f3polis promove forma\u00e7\u00e3o para Orientadores Escolares da 1\u00aa Regi\u00e3o"},"content":{"rendered":"\n<p><em>Capacita\u00e7\u00e3o visa fortalecer atua\u00e7\u00e3o dos profissionais na promo\u00e7\u00e3o do desenvolvimento integral dos alunos<\/em><\/p>\n\n\n\n<p>A Prefeitura de Petr\u00f3polis, por interm\u00e9dio da Secretaria de Educa\u00e7\u00e3o, realizou o encontro de forma\u00e7\u00e3o mensal para orientadores escolares da 1\u00aa regi\u00e3o nessa segunda-feira (24), com o objetivo de capacitar profissionais para atuarem no ambiente escolar de maneira eficaz, fortalecendo o desenvolvimento integral dos alunos.<\/p>\n\n\n\n<p>Os orientadores escolares t\u00eam papel essencial no cotidiano das institui\u00e7\u00f5es de ensino, auxiliando na forma\u00e7\u00e3o de valores, atitudes e habilidades socioemocionais dos estudantes. O trabalho desses profissionais tamb\u00e9m envolve o apoio a professores, gestores e fam\u00edlias, contribuindo para um ambiente escolar mais inclusivo e colaborativo.<\/p>\n\n\n\n<p>Durante o encontro, foram abordadas estrat\u00e9gias pedag\u00f3gicas e metodologias para aprimorar o trabalho dos orientadores, garantindo uma atua\u00e7\u00e3o mais alinhada \u00e0s necessidades dos alunos e das escolas.<\/p>\n\n\n\n<p>O prefeito Hingo Hammes destacou a relev\u00e2ncia da capacita\u00e7\u00e3o desses profissionais. \u201cA forma\u00e7\u00e3o cont\u00ednua dos orientadores \u00e9 essencial para aprimorar o atendimento aos estudantes e fortalecer o v\u00ednculo entre escola e comunidade\u201d, disse.<\/p>\n\n\n\n<p>O secret\u00e1rio de Educa\u00e7\u00e3o, Alexandre Gurgel, enfatizou a import\u00e2ncia do investimento na qualifica\u00e7\u00e3o da equipe educacional. \u201cValorizar e capacitar os profissionais da educa\u00e7\u00e3o reflete diretamente na qualidade do ensino e no bem-estar dos alunos\u201d, afirmou.<\/p>\n\n\n\n<p>A subsecret\u00e1ria de Educa\u00e7\u00e3o, Ana Carolina Kapler, ressaltou que a troca de experi\u00eancias entre os orientadores fortalece a rede de apoio escolar. \u201cA constru\u00e7\u00e3o de um ambiente educacional mais acolhedor passa pelo compartilhamento de pr\u00e1ticas e pelo aprimoramento constante dos profissionais\u201d, pontuou.<\/p>\n\n\n\n<p>\u201cNosso objetivo \u00e9 formar orientadores escolares cr\u00edticos e reflexivos, capazes de atuar como agentes transformadores no contexto escolar\u201d, afirmou Marcela de Castro Alves, chefe do Departamento de Educa\u00e7\u00e3o Infantil.<\/p>\n\n\n\n<p>O encontro faz parte de um conjunto de iniciativas da Prefeitura de Petr\u00f3polis para fortalecer a educa\u00e7\u00e3o p\u00fablica no munic\u00edpio. A capacita\u00e7\u00e3o dos orientadores escolares segue como uma das prioridades da gest\u00e3o, visando ampliar a qualidade do ensino e garantir melhor atendimento aos alunos.<\/p>\n","protected":false},"excerpt":{"rendered":"<p>Capacita\u00e7\u00e3o visa fortalecer atua\u00e7\u00e3o dos profissionais na promo\u00e7\u00e3o do desenvolvimento integral dos alunos A Prefeitura<\/p>\n","protected":false},"author":2,"featured_media":99808,"comment_status":"open","ping_status":"open","sticky":false,"template":"","format":"standard","meta":{"footnotes":""},"categories":[12],"tags":[],"class_list":["post-99807","post","type-post","status-publish","format-standard","has-post-thumbnail","hentry","category-cidade"],"_links":{"self":[{"href":"https:\/\/tvc16.com\/portal\/wp-json\/wp\/v2\/posts\/99807","targetHints":{"allow":["GET"]}}],"collection":[{"href":"https:\/\/tvc16.com\/portal\/wp-json\/wp\/v2\/posts"}],"about":[{"href":"https:\/\/tvc16.com\/portal\/wp-json\/wp\/v2\/types\/post"}],"author":[{"embeddable":true,"href":"https:\/\/tvc16.com\/portal\/wp-json\/wp\/v2\/users\/2"}],"replies":[{"embeddable":true,"href":"https:\/\/tvc16.com\/portal\/wp-json\/wp\/v2\/comments?post=99807"}],"version-history":[{"count":1,"href":"https:\/\/tvc16.com\/portal\/wp-json\/wp\/v2\/posts\/99807\/revisions"}],"predecessor-version":[{"id":99809,"href":"https:\/\/tvc16.com\/portal\/wp-json\/wp\/v2\/posts\/99807\/revisions\/99809"}],"wp:featuredmedia":[{"embeddable":true,"href":"https:\/\/tvc16.com\/portal\/wp-json\/wp\/v2\/media\/99808"}],"wp:attachment":[{"href":"https:\/\/tvc16.com\/portal\/wp-json\/wp\/v2\/media?parent=99807"}],"wp:term":[{"taxonomy":"category","embeddable":true,"href":"https:\/\/tvc16.com\/portal\/wp-json\/wp\/v2\/categories?post=99807"},{"taxonomy":"post_tag","embeddable":true,"href":"https:\/\/tvc16.com\/portal\/wp-json\/wp\/v2\/tags?post=99807"}],"curies":[{"name":"wp","href":"https:\/\/api.w.org\/{rel}","templated":true}]}}