{"id":9981,"date":"2021-01-29T22:52:15","date_gmt":"2021-01-30T01:52:15","guid":{"rendered":"https:\/\/tvc16.com\/portal\/?p=9981"},"modified":"2021-01-29T22:52:17","modified_gmt":"2021-01-30T01:52:17","slug":"cidade-do-rio-de-janeiro-comeca-vacinacao-de-idosos-da-populacao-em-geral-a-partir-desta-segunda-feira-1","status":"publish","type":"post","link":"https:\/\/tvc16.com\/portal\/2021\/01\/29\/cidade-do-rio-de-janeiro-comeca-vacinacao-de-idosos-da-populacao-em-geral-a-partir-desta-segunda-feira-1\/","title":{"rendered":"Cidade do Rio de Janeiro come\u00e7a vacina\u00e7\u00e3o de idosos da popula\u00e7\u00e3o em geral a partir desta segunda-feira (1\u00b0)"},"content":{"rendered":"\n<p>Inicialmente, v\u00e3o ser imunizadas as pessoas com mais de 95 anos de idade, de acordo com um calend\u00e1rio espec\u00edfico<\/p>\n\n\n\n<p>A partir desta segunda-feira (1\u00ba), o Rio de Janeiro vai come\u00e7ar a vacina\u00e7\u00e3o de idosos da popula\u00e7\u00e3o em geral contra covid-19. A informa\u00e7\u00e3o \u00e9 da Secretaria Municipal de Sa\u00fade. Inicialmente, v\u00e3o ser imunizadas as pessoas com mais de 95 anos de idade, de acordo com um calend\u00e1rio espec\u00edfico.<\/p>\n\n\n\n<p>A ideia \u00e9 que, no primeiro dia, sejam vacinadas as pessoas com 99 anos ou mais. J\u00e1 na ter\u00e7a-feira (2), \u00e9 a vez dos idosos com 98 anos. Na quarta (3), a imuniza\u00e7\u00e3o ser\u00e1 disponibilizada para pessoas com 97 anos. Os que tem 96 anos ser\u00e3o vacinados na quinta-feira (4), enquanto os que t\u00eam 95 anos, na sexta (5).<\/p>\n\n\n\n<p>Idosos com 95 anos ou mais, que perderam o dia da vacina\u00e7\u00e3o, poder\u00e3o procurar os postos de sa\u00fade no pr\u00f3ximo s\u00e1bado (6), at\u00e9 o meio-dia. Ainda de acordo com a secretaria, at\u00e9 o fim de fevereiro, todas as pessoas com 80 anos ou mais v\u00e3o poder receber a imuniza\u00e7\u00e3o. Na segunda semana de fevereiro, \u00e9 a vez daqueles com 90 anos ou mais, seguindo uma ordem semelhante ao da primeira semana.<\/p>\n\n\n\n<p>Fonte: <a href=\"https:\/\/brasil61.com\/noticias\/rio-comeca-vacinacao-de-idosos-da-populacao-em-geral-a-partir-desta-segunda-feira-1-bras213625?email=bethdeoliveira@yahoo.com.br&amp;utm_source=email_individual&amp;utm_medium=email_individual&amp;utm_campaign=email_individual\" target=\"_blank\" rel=\"noreferrer noopener\">Brasil 61<\/a><\/p>\n","protected":false},"excerpt":{"rendered":"<p>Inicialmente, v\u00e3o ser imunizadas as pessoas com mais de 95 anos de idade, de acordo<\/p>\n","protected":false},"author":2,"featured_media":9982,"comment_status":"open","ping_status":"open","sticky":false,"template":"","format":"standard","meta":{"footnotes":""},"categories":[17],"tags":[],"class_list":["post-9981","post","type-post","status-publish","format-standard","has-post-thumbnail","hentry","category-outras-noticias"],"_links":{"self":[{"href":"https:\/\/tvc16.com\/portal\/wp-json\/wp\/v2\/posts\/9981","targetHints":{"allow":["GET"]}}],"collection":[{"href":"https:\/\/tvc16.com\/portal\/wp-json\/wp\/v2\/posts"}],"about":[{"href":"https:\/\/tvc16.com\/portal\/wp-json\/wp\/v2\/types\/post"}],"author":[{"embeddable":true,"href":"https:\/\/tvc16.com\/portal\/wp-json\/wp\/v2\/users\/2"}],"replies":[{"embeddable":true,"href":"https:\/\/tvc16.com\/portal\/wp-json\/wp\/v2\/comments?post=9981"}],"version-history":[{"count":1,"href":"https:\/\/tvc16.com\/portal\/wp-json\/wp\/v2\/posts\/9981\/revisions"}],"predecessor-version":[{"id":9983,"href":"https:\/\/tvc16.com\/portal\/wp-json\/wp\/v2\/posts\/9981\/revisions\/9983"}],"wp:featuredmedia":[{"embeddable":true,"href":"https:\/\/tvc16.com\/portal\/wp-json\/wp\/v2\/media\/9982"}],"wp:attachment":[{"href":"https:\/\/tvc16.com\/portal\/wp-json\/wp\/v2\/media?parent=9981"}],"wp:term":[{"taxonomy":"category","embeddable":true,"href":"https:\/\/tvc16.com\/portal\/wp-json\/wp\/v2\/categories?post=9981"},{"taxonomy":"post_tag","embeddable":true,"href":"https:\/\/tvc16.com\/portal\/wp-json\/wp\/v2\/tags?post=9981"}],"curies":[{"name":"wp","href":"https:\/\/api.w.org\/{rel}","templated":true}]}}