{"id":99810,"date":"2025-02-26T09:51:59","date_gmt":"2025-02-26T12:51:59","guid":{"rendered":"https:\/\/tvc16.com\/portal\/?p=99810"},"modified":"2025-02-26T09:52:02","modified_gmt":"2025-02-26T12:52:02","slug":"hospital-santa-teresa-reinaugura-setor-de-hemodinamica","status":"publish","type":"post","link":"https:\/\/tvc16.com\/portal\/2025\/02\/26\/hospital-santa-teresa-reinaugura-setor-de-hemodinamica\/","title":{"rendered":"Hospital Santa Teresa reinaugura setor de Hemodin\u00e2mica"},"content":{"rendered":"\n<p>O Prefeito de Petr\u00f3polis, Hingo Hammes, participou na tarde desta ter\u00e7a-feira (25) da solenidade de reinaugura\u00e7\u00e3o do setor de Hemodin\u00e2mica do Hospital Santa Teresa. A unidade, que \u00e9 refer\u00eancia em procedimentos cardiol\u00f3gicos e neurol\u00f3gicos na cidade, estava fechada h\u00e1 dois meses para reformas.<\/p>\n\n\n\n<p>\u201cA reabertura desse espa\u00e7o \u00e9 muito importante para pacientes de Petr\u00f3polis que n\u00e3o v\u00e3o mais precisar se deslocar para outras cidades. \u00c9 qualidade de vida para quem est\u00e1 em tratamento e maiores chances de cura\u201d, comentou o Prefeito de Petr\u00f3polis, Hingo Hammes.<\/p>\n\n\n\n<p>Atualmente, o setor atende em m\u00e9dia 135 pacientes por m\u00eas conveniados do Sistema \u00danico de Sa\u00fade (SUS) que realizam procedimentos cir\u00fargicos cardiol\u00f3gicos, neurol\u00f3gicos e vasculares com o m\u00ednimo de cortes e invas\u00f5es.<\/p>\n\n\n\n<p>\u201cManter o conv\u00eanio com o hospital Santa Teresa \u00e9 importante para Petr\u00f3polis. Essa uni\u00e3o com institui\u00e7\u00f5es privadas garante atendimento r\u00e1pido e de qualidade para nossa popula\u00e7\u00e3o\u201d, explica o Secret\u00e1rio Municipal de Sa\u00fade, Lu\u00eds Cruzick.<\/p>\n\n\n\n<p>De acordo com a Dire\u00e7\u00e3o do Hospital Santa Teresa, o novo aparelho de hemodin\u00e2mica vem acompanhado de tecnologia de ponta, permitindo maior precis\u00e3o, agilidade e qualidade no tratamento dos pacientes. O objetivo \u00e9 minimizar ao m\u00e1ximo cirurgias de grande porte e trazer os melhores e mais modernos tratamentos para os pacientes.<\/p>\n\n\n\n<p>\u201cO retorno do setor de hemodin\u00e2mica do Hospital Santa Teresa \u00e9 fundamental para propiciar seguran\u00e7a no diagn\u00f3stico e no tratamento de v\u00e1rias doen\u00e7as cardiovasculares. O grande benef\u00edcio com este novo equipamento \u00e9 poder antecipar diagn\u00f3stico e promover tratamento\u201d esclareceu o Diretor Geral do Hospital Santa Teresa, Marcus Vinicius Martins.<\/p>\n","protected":false},"excerpt":{"rendered":"<p>O Prefeito de Petr\u00f3polis, Hingo Hammes, participou na tarde desta ter\u00e7a-feira (25) da solenidade de<\/p>\n","protected":false},"author":2,"featured_media":99811,"comment_status":"open","ping_status":"open","sticky":false,"template":"","format":"standard","meta":{"footnotes":""},"categories":[12],"tags":[],"class_list":["post-99810","post","type-post","status-publish","format-standard","has-post-thumbnail","hentry","category-cidade"],"_links":{"self":[{"href":"https:\/\/tvc16.com\/portal\/wp-json\/wp\/v2\/posts\/99810","targetHints":{"allow":["GET"]}}],"collection":[{"href":"https:\/\/tvc16.com\/portal\/wp-json\/wp\/v2\/posts"}],"about":[{"href":"https:\/\/tvc16.com\/portal\/wp-json\/wp\/v2\/types\/post"}],"author":[{"embeddable":true,"href":"https:\/\/tvc16.com\/portal\/wp-json\/wp\/v2\/users\/2"}],"replies":[{"embeddable":true,"href":"https:\/\/tvc16.com\/portal\/wp-json\/wp\/v2\/comments?post=99810"}],"version-history":[{"count":1,"href":"https:\/\/tvc16.com\/portal\/wp-json\/wp\/v2\/posts\/99810\/revisions"}],"predecessor-version":[{"id":99812,"href":"https:\/\/tvc16.com\/portal\/wp-json\/wp\/v2\/posts\/99810\/revisions\/99812"}],"wp:featuredmedia":[{"embeddable":true,"href":"https:\/\/tvc16.com\/portal\/wp-json\/wp\/v2\/media\/99811"}],"wp:attachment":[{"href":"https:\/\/tvc16.com\/portal\/wp-json\/wp\/v2\/media?parent=99810"}],"wp:term":[{"taxonomy":"category","embeddable":true,"href":"https:\/\/tvc16.com\/portal\/wp-json\/wp\/v2\/categories?post=99810"},{"taxonomy":"post_tag","embeddable":true,"href":"https:\/\/tvc16.com\/portal\/wp-json\/wp\/v2\/tags?post=99810"}],"curies":[{"name":"wp","href":"https:\/\/api.w.org\/{rel}","templated":true}]}}