{"id":99816,"date":"2025-02-26T15:45:00","date_gmt":"2025-02-26T18:45:00","guid":{"rendered":"https:\/\/tvc16.com\/portal\/?p=99816"},"modified":"2025-02-26T15:45:03","modified_gmt":"2025-02-26T18:45:03","slug":"exposicao-mulheres-e-o-carnaval-resgata-protagonismo-feminino-na-maior-festa-popular-do-brasil","status":"publish","type":"post","link":"https:\/\/tvc16.com\/portal\/2025\/02\/26\/exposicao-mulheres-e-o-carnaval-resgata-protagonismo-feminino-na-maior-festa-popular-do-brasil\/","title":{"rendered":"Exposi\u00e7\u00e3o &#8220;Mulheres e o Carnaval&#8221; resgata protagonismo feminino na maior festa popular do Brasil"},"content":{"rendered":"\n<p>O&nbsp;<strong>Conselho da Mulher Empreendedora e da Cultura de Nova Friburgo (CMEC NF)<\/strong>&nbsp;e a&nbsp;<strong>Associa\u00e7\u00e3o Comercial, Industrial e Agr\u00edcola de Nova Friburgo (ACIANF)<\/strong>&nbsp;promovem a exposi\u00e7\u00e3o&nbsp;<strong>&#8220;Mulheres e o Carnaval \u2014 Uma Hist\u00f3ria Quase Invis\u00edvel&#8221;<\/strong>, que busca dar visibilidade \u00e0s mulheres que marcaram a hist\u00f3ria do samba e das escolas de samba, mas que por muitos anos permaneceram ofuscadas nos registros oficiais.<\/p>\n\n\n\n<p>O evento de inaugura\u00e7\u00e3o acontece no dia&nbsp;<strong>27 de fevereiro<\/strong>, \u00e0s&nbsp;<strong>13h<\/strong>, no&nbsp;<strong>Cadima Shopping<\/strong>, em Nova Friburgo, e promete ser um momento de celebra\u00e7\u00e3o e reflex\u00e3o sobre o papel das mulheres na constru\u00e7\u00e3o da maior manifesta\u00e7\u00e3o cultural do Brasil. A exposi\u00e7\u00e3o ficar\u00e1 em cartaz de&nbsp;<strong>27 de fevereiro a 13 de mar\u00e7o de 2025<\/strong>.<\/p>\n\n\n\n<p>A exposi\u00e7\u00e3o, que tem texto curatorial assinado pelo jornalista&nbsp;<strong>David Massena<\/strong>, homenageia figuras ic\u00f4nicas como&nbsp;<strong>Dona Ivone Lara, Tia Ciata, Rosa Magalh\u00e3es, Elza Soares, Lecy Brand\u00e3o, Carmem Miranda, Maria Augusta, Madrinha Eunice, Tia Surica<\/strong>, entre outras mulheres que romperam barreiras e deixaram um legado imensur\u00e1vel para a cultura brasileira.<\/p>\n\n\n\n<p>O projeto tamb\u00e9m visa desconstruir a vis\u00e3o superficial que frequentemente reduz a presen\u00e7a feminina no Carnaval \u00e0 objetifica\u00e7\u00e3o do corpo, trazendo \u00e0 tona a for\u00e7a criativa, a resist\u00eancia e a relev\u00e2ncia dessas mulheres que sustentaram a evolu\u00e7\u00e3o do samba e da festa carnavalesca ao longo das d\u00e9cadas.<\/p>\n\n\n\n<p><em>&#8220;Contar essas hist\u00f3rias \u00e9 uma forma de reparar um silenciamento hist\u00f3rico e valorizar o trabalho dessas mulheres que fizeram do Carnaval o que ele \u00e9 hoje&#8221;<\/em>, afirma&nbsp;<strong>Fabiana Kaiuca<\/strong>, presidente do CMEC NF.<\/p>\n\n\n\n<p>O evento faz parte das a\u00e7\u00f5es do programa&nbsp;<strong>ACIANF Presente<\/strong>, que busca estreitar la\u00e7os com a comunidade e valorizar a identidade cultural de Nova Friburgo, refor\u00e7ando a cidade como um polo de cultura e hist\u00f3ria.<\/p>\n\n\n\n<p><strong>Servi\u00e7o:<\/strong><\/p>\n\n\n\n<ul class=\"wp-block-list\">\n<li><strong>Evento:<\/strong> Lan\u00e7amento da Exposi\u00e7\u00e3o &#8220;Mulheres e o Carnaval \u2014 Uma Hist\u00f3ria Quase Invis\u00edvel&#8221;<\/li>\n\n\n\n<li><strong>Data:<\/strong> 27 de fevereiro (quinta-feira)<\/li>\n\n\n\n<li><strong>Hora:<\/strong> 13h00<\/li>\n\n\n\n<li><strong>Local:<\/strong> Cadima Shopping \u2014 Nova Friburgo<\/li>\n\n\n\n<li><strong>Per\u00edodo da Exposi\u00e7\u00e3o:<\/strong> 27\/02 a 13\/03\/2025<\/li>\n\n\n\n<li><strong>Realiza\u00e7\u00e3o:<\/strong> CMEC NF e ACIANF<\/li>\n<\/ul>\n","protected":false},"excerpt":{"rendered":"<p>O&nbsp;Conselho da Mulher Empreendedora e da Cultura de Nova Friburgo (CMEC NF)&nbsp;e a&nbsp;Associa\u00e7\u00e3o Comercial, Industrial<\/p>\n","protected":false},"author":2,"featured_media":99817,"comment_status":"open","ping_status":"open","sticky":false,"template":"","format":"standard","meta":{"footnotes":""},"categories":[17],"tags":[],"class_list":["post-99816","post","type-post","status-publish","format-standard","has-post-thumbnail","hentry","category-outras-noticias"],"_links":{"self":[{"href":"https:\/\/tvc16.com\/portal\/wp-json\/wp\/v2\/posts\/99816","targetHints":{"allow":["GET"]}}],"collection":[{"href":"https:\/\/tvc16.com\/portal\/wp-json\/wp\/v2\/posts"}],"about":[{"href":"https:\/\/tvc16.com\/portal\/wp-json\/wp\/v2\/types\/post"}],"author":[{"embeddable":true,"href":"https:\/\/tvc16.com\/portal\/wp-json\/wp\/v2\/users\/2"}],"replies":[{"embeddable":true,"href":"https:\/\/tvc16.com\/portal\/wp-json\/wp\/v2\/comments?post=99816"}],"version-history":[{"count":1,"href":"https:\/\/tvc16.com\/portal\/wp-json\/wp\/v2\/posts\/99816\/revisions"}],"predecessor-version":[{"id":99818,"href":"https:\/\/tvc16.com\/portal\/wp-json\/wp\/v2\/posts\/99816\/revisions\/99818"}],"wp:featuredmedia":[{"embeddable":true,"href":"https:\/\/tvc16.com\/portal\/wp-json\/wp\/v2\/media\/99817"}],"wp:attachment":[{"href":"https:\/\/tvc16.com\/portal\/wp-json\/wp\/v2\/media?parent=99816"}],"wp:term":[{"taxonomy":"category","embeddable":true,"href":"https:\/\/tvc16.com\/portal\/wp-json\/wp\/v2\/categories?post=99816"},{"taxonomy":"post_tag","embeddable":true,"href":"https:\/\/tvc16.com\/portal\/wp-json\/wp\/v2\/tags?post=99816"}],"curies":[{"name":"wp","href":"https:\/\/api.w.org\/{rel}","templated":true}]}}