{"id":99822,"date":"2025-02-27T05:00:00","date_gmt":"2025-02-27T08:00:00","guid":{"rendered":"https:\/\/tvc16.com\/portal\/?p=99822"},"modified":"2025-02-26T16:25:10","modified_gmt":"2025-02-26T19:25:10","slug":"carnaval-feirinha-de-itaipava-tera-funcionamento-especial","status":"publish","type":"post","link":"https:\/\/tvc16.com\/portal\/2025\/02\/27\/carnaval-feirinha-de-itaipava-tera-funcionamento-especial\/","title":{"rendered":"Carnaval: Feirinha de Itaipava ter\u00e1 funcionamento especial"},"content":{"rendered":"\n<p>A Feirinha de Itaipava vai entrar no ritmo do Carnaval com um funcionamento especial para quem quer aproveitar o feriad\u00e3o para passear, comprar e curtir a serra. De 27 de fevereiro a 9 de mar\u00e7o, das 10h \u00e0s 19h, o espa\u00e7o estar\u00e1 aberto todos os dias, incluindo a quarta-feira de Cinzas. A iniciativa garante mais oportunidades para os visitantes explorarem a variedade de lojas e produtos.<\/p>\n\n\n\n<p>Reunindo moda, decora\u00e7\u00e3o, gastronomia e artesanato, a Feirinha de Itaipava oferece um ambiente agrad\u00e1vel e diversas op\u00e7\u00f5es para quem busca qualidade e variedade. Com essa programa\u00e7\u00e3o estendida, turistas e moradores ter\u00e3o ainda mais tempo para aproveitar o espa\u00e7o, que tamb\u00e9m conta com amplo estacionamento gratuito.<\/p>\n\n\n\n<p><strong>Funcionamento:<\/strong><\/p>\n\n\n\n<ul class=\"wp-block-list\">\n<li><strong>27\/02:<\/strong>\u00a0Todas as lojas abertas;<\/li>\n\n\n\n<li><strong>28\/02:<\/strong>\u00a0Todas as lojas abertas;<\/li>\n\n\n\n<li><strong>01\/03:<\/strong>\u00a0Todas as lojas abertas;<\/li>\n\n\n\n<li><strong>02\/03:<\/strong>\u00a0Todas as lojas abertas;<\/li>\n\n\n\n<li><strong>03\/03:<\/strong>\u00a0Consulte o funcionamento das lojas de interesse, pois os dias e hor\u00e1rios podem variar;<\/li>\n\n\n\n<li><strong>04\/03\u00a0(Carnaval):\u00a0<\/strong>Todas as lojas abertas;<\/li>\n\n\n\n<li><strong>05\/03\u00a0(Quarta-feira de Cinzas):<\/strong>\u00a0Todas as lojas abertas;<\/li>\n\n\n\n<li><strong>06\/03:\u00a0<\/strong>Consulte o funcionamento das lojas de interesse, pois os dias e hor\u00e1rios podem variar;<\/li>\n\n\n\n<li><strong>07\/03:<\/strong>\u00a0Todas as lojas abertas;<\/li>\n\n\n\n<li><strong>08\/03:<\/strong>\u00a0Todas as lojas abertas;<\/li>\n\n\n\n<li><strong>09\/03:\u00a0<\/strong>Todas as lojas abertas.<\/li>\n<\/ul>\n\n\n\n<p>Foto: divulga\u00e7\u00e3o <\/p>\n","protected":false},"excerpt":{"rendered":"<p>A Feirinha de Itaipava vai entrar no ritmo do Carnaval com um funcionamento especial para<\/p>\n","protected":false},"author":2,"featured_media":99823,"comment_status":"open","ping_status":"open","sticky":false,"template":"","format":"standard","meta":{"footnotes":""},"categories":[12],"tags":[],"class_list":["post-99822","post","type-post","status-publish","format-standard","has-post-thumbnail","hentry","category-cidade"],"_links":{"self":[{"href":"https:\/\/tvc16.com\/portal\/wp-json\/wp\/v2\/posts\/99822","targetHints":{"allow":["GET"]}}],"collection":[{"href":"https:\/\/tvc16.com\/portal\/wp-json\/wp\/v2\/posts"}],"about":[{"href":"https:\/\/tvc16.com\/portal\/wp-json\/wp\/v2\/types\/post"}],"author":[{"embeddable":true,"href":"https:\/\/tvc16.com\/portal\/wp-json\/wp\/v2\/users\/2"}],"replies":[{"embeddable":true,"href":"https:\/\/tvc16.com\/portal\/wp-json\/wp\/v2\/comments?post=99822"}],"version-history":[{"count":1,"href":"https:\/\/tvc16.com\/portal\/wp-json\/wp\/v2\/posts\/99822\/revisions"}],"predecessor-version":[{"id":99824,"href":"https:\/\/tvc16.com\/portal\/wp-json\/wp\/v2\/posts\/99822\/revisions\/99824"}],"wp:featuredmedia":[{"embeddable":true,"href":"https:\/\/tvc16.com\/portal\/wp-json\/wp\/v2\/media\/99823"}],"wp:attachment":[{"href":"https:\/\/tvc16.com\/portal\/wp-json\/wp\/v2\/media?parent=99822"}],"wp:term":[{"taxonomy":"category","embeddable":true,"href":"https:\/\/tvc16.com\/portal\/wp-json\/wp\/v2\/categories?post=99822"},{"taxonomy":"post_tag","embeddable":true,"href":"https:\/\/tvc16.com\/portal\/wp-json\/wp\/v2\/tags?post=99822"}],"curies":[{"name":"wp","href":"https:\/\/api.w.org\/{rel}","templated":true}]}}