{"id":99825,"date":"2025-02-27T08:02:06","date_gmt":"2025-02-27T11:02:06","guid":{"rendered":"https:\/\/tvc16.com\/portal\/?p=99825"},"modified":"2025-02-27T08:02:08","modified_gmt":"2025-02-27T11:02:08","slug":"vereador-thiag-damaceno-defende-fechamento-do-terminal-centro-em-petropolis","status":"publish","type":"post","link":"https:\/\/tvc16.com\/portal\/2025\/02\/27\/vereador-thiag-damaceno-defende-fechamento-do-terminal-centro-em-petropolis\/","title":{"rendered":"Vereador Thiag Damaceno defende fechamento do Terminal Centro, em Petr\u00f3polis"},"content":{"rendered":"\n<p><em>Medida foi proposta ap\u00f3s aumento dos casos de agress\u00e3o nos \u00faltimos dias<\/em><\/p>\n\n\n\n<p>O vereador Thiago Damaceno defendeu, nesta quarta-feira (26\/2), o fechamento da Esta\u00e7\u00e3o Rodovi\u00e1ria Imperatriz Leopoldina (Eril), no Centro. O objetivo \u00e9 garantir maior seguran\u00e7a para os usu\u00e1rios do transporte p\u00fablico. &#8220;Infelizmente epis\u00f3dios de viol\u00eancia e agress\u00e3o t\u00eam escalado nos \u00faltimos dias, trazendo casos lament\u00e1veis, como o assassinato ocorrido na \u00faltima semana. Isso gera uma sensa\u00e7\u00e3o de inseguran\u00e7a e \u00e9 mais um obst\u00e1culo para o usu\u00e1rio do sistema de transporte. A ideia de fechar o terminal garante que o espa\u00e7o seja utilizado apenas pelos usu\u00e1rios de transporte&#8221;, disse.<\/p>\n\n\n\n<p>O vereador defendeu um modelo semelhante ao que ocorre no Terminal Itamarati, onde os usu\u00e1rios podem se deslocar da esta\u00e7\u00e3o rodovi\u00e1ria para o com\u00e9rcio local por um determinado per\u00edodo e retornar sem pagar uma nova passagem. &#8220;Defendemos uma solu\u00e7\u00e3o boa para todos, incluindo os lojistas daquela regi\u00e3o, que tamb\u00e9m precisam ser prestigiados. O modelo do segundo distrito \u00e9 uma boa solu\u00e7\u00e3o que pode ser aplicada tamb\u00e9m na regi\u00e3o central&#8221;, disse.<\/p>\n\n\n\n<p>Damaceno lembrou que, quando esteve \u00e0 frente da CPTrans, iniciou o fechamento do terminal \u00e0 noite. &#8220;Essa medida j\u00e1 garantiu mais seguran\u00e7a e organiza\u00e7\u00e3o para a gest\u00e3o do espa\u00e7o, permitindo uma nova rotina de limpeza, com maior frequ\u00eancia, a reforma do frald\u00e1rio e a troca de l\u00e2mpadas, longarinas e lixeiras. Para o fechamento do espa\u00e7o tamb\u00e9m durante o dia, sabemos que precisa haver algumas adequa\u00e7\u00f5es no sistema, mas a reestrutura\u00e7\u00e3o do transporte, que retirou a Petro Ita e a Cascatinha da cidade, tamb\u00e9m torna mais f\u00e1cil esse processo&#8221;, disse.<\/p>\n","protected":false},"excerpt":{"rendered":"<p>Medida foi proposta ap\u00f3s aumento dos casos de agress\u00e3o nos \u00faltimos dias O vereador Thiago<\/p>\n","protected":false},"author":2,"featured_media":99826,"comment_status":"open","ping_status":"open","sticky":false,"template":"","format":"standard","meta":{"footnotes":""},"categories":[12],"tags":[],"class_list":["post-99825","post","type-post","status-publish","format-standard","has-post-thumbnail","hentry","category-cidade"],"_links":{"self":[{"href":"https:\/\/tvc16.com\/portal\/wp-json\/wp\/v2\/posts\/99825","targetHints":{"allow":["GET"]}}],"collection":[{"href":"https:\/\/tvc16.com\/portal\/wp-json\/wp\/v2\/posts"}],"about":[{"href":"https:\/\/tvc16.com\/portal\/wp-json\/wp\/v2\/types\/post"}],"author":[{"embeddable":true,"href":"https:\/\/tvc16.com\/portal\/wp-json\/wp\/v2\/users\/2"}],"replies":[{"embeddable":true,"href":"https:\/\/tvc16.com\/portal\/wp-json\/wp\/v2\/comments?post=99825"}],"version-history":[{"count":1,"href":"https:\/\/tvc16.com\/portal\/wp-json\/wp\/v2\/posts\/99825\/revisions"}],"predecessor-version":[{"id":99827,"href":"https:\/\/tvc16.com\/portal\/wp-json\/wp\/v2\/posts\/99825\/revisions\/99827"}],"wp:featuredmedia":[{"embeddable":true,"href":"https:\/\/tvc16.com\/portal\/wp-json\/wp\/v2\/media\/99826"}],"wp:attachment":[{"href":"https:\/\/tvc16.com\/portal\/wp-json\/wp\/v2\/media?parent=99825"}],"wp:term":[{"taxonomy":"category","embeddable":true,"href":"https:\/\/tvc16.com\/portal\/wp-json\/wp\/v2\/categories?post=99825"},{"taxonomy":"post_tag","embeddable":true,"href":"https:\/\/tvc16.com\/portal\/wp-json\/wp\/v2\/tags?post=99825"}],"curies":[{"name":"wp","href":"https:\/\/api.w.org\/{rel}","templated":true}]}}