{"id":99828,"date":"2025-03-01T16:17:15","date_gmt":"2025-03-01T19:17:15","guid":{"rendered":"https:\/\/tvc16.com\/portal\/?p=99828"},"modified":"2025-03-01T16:17:17","modified_gmt":"2025-03-01T19:17:17","slug":"projeto-gratuito-de-terapia-comunitaria-retoma-encontros-na-estacao-jaqueira-apos-o-carnaval","status":"publish","type":"post","link":"https:\/\/tvc16.com\/portal\/2025\/03\/01\/projeto-gratuito-de-terapia-comunitaria-retoma-encontros-na-estacao-jaqueira-apos-o-carnaval\/","title":{"rendered":"Projeto gratuito de terapia comunit\u00e1ria retoma encontros na Esta\u00e7\u00e3o Jaqueira ap\u00f3s o Carnaval"},"content":{"rendered":"\n<p>A Roda de Terapia Comunit\u00e1ria da Esta\u00e7\u00e3o Jaqueira, no Vale do Cuiab\u00e1, vai iniciar suas atividades de 2025 no dia 13 de mar\u00e7o, excepcionalmente em uma quinta-feira, antes de retomar seu cronograma habitual de encontros \u00e0s ter\u00e7as-feiras, \u00e0s 9h. Realizada na sala de leitura do espa\u00e7o, a roda \u00e9 gratuita e aberta a todos os interessados.<\/p>\n\n\n\n<p>Sob a condu\u00e7\u00e3o da terapeuta Fernanda Pereira de Almeida, formada em Terapia Comunit\u00e1ria Integrativa desde 2009, o projeto tem se destacado como um importante espa\u00e7o de acolhimento para moradores do Vale do Cuiab\u00e1, Vale do Cantagalo e Boa Esperan\u00e7a. \u201cO que mais gosto \u00e9 fazer com que as pessoas criem la\u00e7os e possam falar sobre seus desconfortos, sombras, sofrimentos e perdas. \u00c0 medida que compartilham isso, v\u00e3o diluindo suas dores. Al\u00e9m disso, na terapia coletiva, n\u00f3s valorizamos as compet\u00eancias e solu\u00e7\u00f5es da pr\u00f3pria comunidade, suas experi\u00eancias\u201d, destaca a profissional.<\/p>\n\n\n\n<p>A roda segue um m\u00e9todo que valoriza a escuta ativa e o respeito ao relato do outro. Entre as regras est\u00e3o falar sempre em primeira pessoa, silenciar para permitir que a dor do outro ressoe, n\u00e3o dar conselhos e n\u00e3o criticar. A qualquer momento, \u00e9 poss\u00edvel interromper para cantar uma m\u00fasica, declamar um poema ou compartilhar uma breve hist\u00f3ria, desde que esteja relacionada ao tema abordado.&nbsp;<\/p>\n\n\n\n<p>\u201cComo quase tudo na Jaqueira, o surpreendente \u00e9 a ades\u00e3o das pessoas do Vale do Cuiab\u00e1 \u00e0s atividades, que s\u00e3o iniciadas quase que por uma conflu\u00eancia de fatores. A qualidade do espa\u00e7o, regenerado da trag\u00e9dia de 2011, e os movimentos carinhosos de moradores da regi\u00e3o para oferecer, de um lado, e receber, de outro\u201d, ressalta Nietta Monte, idealizadora do espa\u00e7o cultural e educativo.&nbsp;<\/p>\n\n\n\n<p>Com participa\u00e7\u00e3o m\u00e9dia de 14 pessoas, de 17 a 80 anos, a Roda de Terapia se consolidou como um espa\u00e7o de trocas especiais. Para Ana Maria da Paz, aposentada e frequentadora ass\u00eddua desde maio de 2024, a viv\u00eancia no grupo trouxe acolhimento. \u201cO que mais gosto do projeto \u00e9 a intera\u00e7\u00e3o com as outras pessoas. Ao ouvir as viv\u00eancias, ang\u00fastias, desejos, medos e esperan\u00e7as de cada um, me senti acolhida, percebendo que meus sentimentos fazem parte da experi\u00eancia humana. Sempre fui a favor da terapia individual, mas a Roda me faz refletir e aquietar o cora\u00e7\u00e3o. Aprendi a viver o presente com amor e atitude positiva, sem me prender ao que j\u00e1 passou. E, acima de tudo, me permito ser cuidada e acolhida por esse grupo incr\u00edvel, que se tornou parte da minha vida. A condu\u00e7\u00e3o da Fernanda \u00e9 essencial nesse processo: ela nos guia com sensibilidade, respeito e um amor pelo ser humano que transborda e emociona\u201d, compartilha.<\/p>\n\n\n\n<p>Leda Maria Pontual, psic\u00f3loga de forma\u00e7\u00e3o e participante da roda h\u00e1 um ano, ressalta a singularidade do m\u00e9todo. \u201cCheguei a Itaipava em janeiro de 2024 e logo me apaixonei pela cidade, pelo povo e pelo projeto. Apesar da minha forma\u00e7\u00e3o em Psicologia e Filosofia, nunca tinha tido contato com esse m\u00e9todo, e ele me fascina. O que mais gosto na Roda \u00e9 a valoriza\u00e7\u00e3o do sigilo, da escuta atenta, do n\u00e3o julgamento e, principalmente, da abertura do cora\u00e7\u00e3o e da alma. Aqui, o lema \u00e9 \u2018o que a boca n\u00e3o fala, o corpo grita\u2019, e isso \u00e9 uma grande verdade. Ao longo do \u00faltimo ano, acompanhei resultados magn\u00edficos, tanto em mim quanto nos outros participantes. Atrav\u00e9s das perguntas, dos testemunhos, da musicoterapia e da terapia comportamental, vi crescer a seguran\u00e7a, a coragem de enfrentar a solid\u00e3o, a ansiedade, os medos, as procrastina\u00e7\u00f5es, temas comuns a todos n\u00f3s. \u00c9 um processo sutil e transformador, guiado com respeito e compromisso por todos que participam\u201d, afirma.<\/p>\n\n\n\n<p>Qualquer pessoa interessada pode participar, sem necessidade de inscri\u00e7\u00e3o pr\u00e9via. Basta comparecer e escolher um lugar na roda. A Esta\u00e7\u00e3o Jaqueira est\u00e1 localizada na Estrada Ministro Salgado Filho, 2.781, Vale do Cuiab\u00e1, Petr\u00f3polis. Mais informa\u00e7\u00f5es no Instagram:<a href=\"https:\/\/www.instagram.com\/estacaojaqueira2020\/\" target=\"_blank\" rel=\"noreferrer noopener\">&nbsp;@estacaojaqueira2020<\/a>.<strong>Servi\u00e7o &#8211; Roda de Terapia Comunit\u00e1ria na Esta\u00e7\u00e3o Jaqueira<\/strong><strong><br><\/strong><strong>Data de retorno:<\/strong>&nbsp;13 de mar\u00e7o (quinta-feira); depois sempre \u00e0s ter\u00e7as-feiras<br><strong>Hor\u00e1rio<\/strong>: 9h<br><strong>Local:<\/strong>&nbsp;Sala de Leitura da Esta\u00e7\u00e3o Jaqueira<br><strong>Endere\u00e7o:&nbsp;<\/strong>Estrada Ministro Salgado Filho, 2.781, Vale do Cuiab\u00e1, Petr\u00f3polis<br>Participa\u00e7\u00e3o gratuita<br><strong>Instagram:<\/strong><a href=\"https:\/\/www.instagram.com\/estacaojaqueira2020\/\" target=\"_blank\" rel=\"noreferrer noopener\">&nbsp;@estacaojaqueira2020<\/a><\/p>\n","protected":false},"excerpt":{"rendered":"<p>A Roda de Terapia Comunit\u00e1ria da Esta\u00e7\u00e3o Jaqueira, no Vale do Cuiab\u00e1, vai iniciar suas<\/p>\n","protected":false},"author":2,"featured_media":99829,"comment_status":"open","ping_status":"open","sticky":false,"template":"","format":"standard","meta":{"footnotes":""},"categories":[12],"tags":[],"class_list":["post-99828","post","type-post","status-publish","format-standard","has-post-thumbnail","hentry","category-cidade"],"_links":{"self":[{"href":"https:\/\/tvc16.com\/portal\/wp-json\/wp\/v2\/posts\/99828","targetHints":{"allow":["GET"]}}],"collection":[{"href":"https:\/\/tvc16.com\/portal\/wp-json\/wp\/v2\/posts"}],"about":[{"href":"https:\/\/tvc16.com\/portal\/wp-json\/wp\/v2\/types\/post"}],"author":[{"embeddable":true,"href":"https:\/\/tvc16.com\/portal\/wp-json\/wp\/v2\/users\/2"}],"replies":[{"embeddable":true,"href":"https:\/\/tvc16.com\/portal\/wp-json\/wp\/v2\/comments?post=99828"}],"version-history":[{"count":1,"href":"https:\/\/tvc16.com\/portal\/wp-json\/wp\/v2\/posts\/99828\/revisions"}],"predecessor-version":[{"id":99830,"href":"https:\/\/tvc16.com\/portal\/wp-json\/wp\/v2\/posts\/99828\/revisions\/99830"}],"wp:featuredmedia":[{"embeddable":true,"href":"https:\/\/tvc16.com\/portal\/wp-json\/wp\/v2\/media\/99829"}],"wp:attachment":[{"href":"https:\/\/tvc16.com\/portal\/wp-json\/wp\/v2\/media?parent=99828"}],"wp:term":[{"taxonomy":"category","embeddable":true,"href":"https:\/\/tvc16.com\/portal\/wp-json\/wp\/v2\/categories?post=99828"},{"taxonomy":"post_tag","embeddable":true,"href":"https:\/\/tvc16.com\/portal\/wp-json\/wp\/v2\/tags?post=99828"}],"curies":[{"name":"wp","href":"https:\/\/api.w.org\/{rel}","templated":true}]}}