{"id":9984,"date":"2021-01-29T22:54:42","date_gmt":"2021-01-30T01:54:42","guid":{"rendered":"https:\/\/tvc16.com\/portal\/?p=9984"},"modified":"2021-01-29T22:54:44","modified_gmt":"2021-01-30T01:54:44","slug":"onibus-lilas-do-centro-de-referencia-em-atendimento-a-mulher-cram-voltara-a-oferecer-atendimento-nas-comunidades-mais-distantes-a-partir-de-fevereiro","status":"publish","type":"post","link":"https:\/\/tvc16.com\/portal\/2021\/01\/29\/onibus-lilas-do-centro-de-referencia-em-atendimento-a-mulher-cram-voltara-a-oferecer-atendimento-nas-comunidades-mais-distantes-a-partir-de-fevereiro\/","title":{"rendered":"\u00d4nibus Lil\u00e1s do Centro de Refer\u00eancia em Atendimento \u00e0 Mulher &#8211; CRAM, voltar\u00e1 a oferecer atendimento nas comunidades mais distantes a partir de fevereiro"},"content":{"rendered":"\n<p>Na estrutura, as equipes oferecem servi\u00e7os multidisciplinares, psic\u00f3logos e aux\u00edlio jur\u00eddico. A ideia \u00e9 acolher e orientar as mulheres, especialmente as v\u00edtimas de viol\u00eancia dom\u00e9stica.<br>A primeira comunidade a receber a estrutura ser\u00e1 o Vila Rica. De acordo com Ana Luiza Franco, coordenadora do CRAM, o objetivo \u00e9 difundir ainda mais a Lei Maria da Penha, suas formas de preven\u00e7\u00e3o e mecanismos para romper com a situa\u00e7\u00e3o de viol\u00eancia. \u201cA estrutura \u00e9 uma importante ferramenta pois facilita o acesso de mulheres das \u00e1reas mais distantes, contribuindo para que conhe\u00e7am os seus direitos\u201d, explica.<br>Ela lembra que as equipes tamb\u00e9m orientam sobre outros atendimentos, por exemplo, d\u00favidas relacionadas a pens\u00e3o aliment\u00edcia, entre outras. \u201cO equipamento tem salas que garantem a privacidade delas. Estaremos atentas \u00e0s normas de higiene e distanciamento social e o uso de m\u00e1scaras\u201d, garantiu<br>O \u00f4nibus come\u00e7a a circular no dia 13 de fevereiro e os atendimentos ser\u00e3o realizados sempre das 9h \u00e0s 14h. Veja o cronograma:<br>13\/02 \u2013 Escola Santa Teresinha, no Vila Rica.<br>27\/02 \u2013 Pra\u00e7a de Secret\u00e1rio, em Secret\u00e1rio.<br>06\/03 \u2013 Posto de Sa\u00fade da Posse<br>13\/03 \u2013 Posto de Sa\u00fade do Brejal<br>20\/03 \u2013 Escola M. Am\u00e9lia Antunes Rabelo, em Madame Machado<br>27\/03 \u2013 Escola Paulo Montes, em Araras.<br>03\/04 \u2013 Escola Abelardo Delamare, no Caxambu.<\/p>\n","protected":false},"excerpt":{"rendered":"<p>Na estrutura, as equipes oferecem servi\u00e7os multidisciplinares, psic\u00f3logos e aux\u00edlio jur\u00eddico. A ideia \u00e9 acolher<\/p>\n","protected":false},"author":2,"featured_media":9985,"comment_status":"open","ping_status":"open","sticky":false,"template":"","format":"standard","meta":{"footnotes":""},"categories":[12],"tags":[],"class_list":["post-9984","post","type-post","status-publish","format-standard","has-post-thumbnail","hentry","category-cidade"],"_links":{"self":[{"href":"https:\/\/tvc16.com\/portal\/wp-json\/wp\/v2\/posts\/9984","targetHints":{"allow":["GET"]}}],"collection":[{"href":"https:\/\/tvc16.com\/portal\/wp-json\/wp\/v2\/posts"}],"about":[{"href":"https:\/\/tvc16.com\/portal\/wp-json\/wp\/v2\/types\/post"}],"author":[{"embeddable":true,"href":"https:\/\/tvc16.com\/portal\/wp-json\/wp\/v2\/users\/2"}],"replies":[{"embeddable":true,"href":"https:\/\/tvc16.com\/portal\/wp-json\/wp\/v2\/comments?post=9984"}],"version-history":[{"count":1,"href":"https:\/\/tvc16.com\/portal\/wp-json\/wp\/v2\/posts\/9984\/revisions"}],"predecessor-version":[{"id":9986,"href":"https:\/\/tvc16.com\/portal\/wp-json\/wp\/v2\/posts\/9984\/revisions\/9986"}],"wp:featuredmedia":[{"embeddable":true,"href":"https:\/\/tvc16.com\/portal\/wp-json\/wp\/v2\/media\/9985"}],"wp:attachment":[{"href":"https:\/\/tvc16.com\/portal\/wp-json\/wp\/v2\/media?parent=9984"}],"wp:term":[{"taxonomy":"category","embeddable":true,"href":"https:\/\/tvc16.com\/portal\/wp-json\/wp\/v2\/categories?post=9984"},{"taxonomy":"post_tag","embeddable":true,"href":"https:\/\/tvc16.com\/portal\/wp-json\/wp\/v2\/tags?post=9984"}],"curies":[{"name":"wp","href":"https:\/\/api.w.org\/{rel}","templated":true}]}}