{"id":99846,"date":"2025-02-27T08:32:37","date_gmt":"2025-02-27T11:32:37","guid":{"rendered":"https:\/\/tvc16.com\/portal\/?p=99846"},"modified":"2025-02-27T08:32:38","modified_gmt":"2025-02-27T11:32:38","slug":"rj-70-das-fabricas-de-gelo-inspecionadas-tem-irregularidades","status":"publish","type":"post","link":"https:\/\/tvc16.com\/portal\/2025\/02\/27\/rj-70-das-fabricas-de-gelo-inspecionadas-tem-irregularidades\/","title":{"rendered":"RJ: 70% das f\u00e1bricas de gelo inspecionadas t\u00eam irregularidades"},"content":{"rendered":"\n<p><em>F\u00e1bricas captavam \u00e1gua de po\u00e7os sem licen\u00e7a ambiental<\/em><\/p>\n\n\n\n<p>Por Mariana Tokarnia &#8211; Rep\u00f3rter da Ag\u00eancia Brasil \/ Foto: Carla Rodrigues\/Inea<\/p>\n\n\n\n<p><\/p>\n\n\n\n<p>O Instituto Estadual do Ambiente (Inea) do Rio de Janeiro detectou irregularidades em 70% das f\u00e1bricas de gelo inspecionadas&nbsp;em 2025. Segundo o instituto,<strong>&nbsp;elas captavam \u00e1gua de po\u00e7os sem licen\u00e7a ambiental e n\u00e3o tomavam os cuidados b\u00e1sicos necess\u00e1rios.<\/strong><img decoding=\"async\" src=\"https:\/\/agenciabrasil.ebc.com.br\/ebc.png?id=1632044&amp;o=node\"><img decoding=\"async\" src=\"https:\/\/agenciabrasil.ebc.com.br\/ebc.gif?id=1632044&amp;o=node\"><\/p>\n\n\n\n<p>Ao todo, foram realizadas este ano&nbsp;<strong>cerca&nbsp;de 20 inspe\u00e7\u00f5es<\/strong>&nbsp;em f\u00e1bricas de gelo. Foi detectada ainda presen\u00e7a de am\u00f4nia em grande quantidade.<\/p>\n\n\n\n<p>Diante da situa\u00e7\u00e3o, nesta quarta-feira (26), o Inea e a Secretaria de Estado do Ambiente e Sustentabilidade do Rio de Janeiro&nbsp;<strong>deflagraram uma opera\u00e7\u00e3o para coibir a distribui\u00e7\u00e3o e venda de gelo produzido com \u00e1gua impr\u00f3pria para o consumo<\/strong>. A a\u00e7\u00e3o foi uma&nbsp;parceria entre&nbsp;as pol\u00edcias Civil e Militar e a Cedae, na Barra da Tijuca, zona oeste do Rio.<\/p>\n\n\n<div class=\"wp-block-image\">\n<figure class=\"alignleft is-resized\"><img decoding=\"async\" src=\"https:\/\/imagens.ebc.com.br\/WEr-7n3c4HC3Xqd4GDChMuuZ-OM=\/754x0\/smart\/https:\/\/agenciabrasil.ebc.com.br\/sites\/default\/files\/thumbnails\/image\/2025\/02\/26\/whatsapp_image_2025-02-26_at_17.27.34.jpeg?itok=1nLXWaYJ\" alt=\"Rio de Janeiro (RJ), 26\/02\/2025 - 70% das f\u00e1bricas de gelo inspecionadas t\u00eam irregularidades. Foto: Carla Rodrigues\/Inea\" style=\"width:482px;height:auto\" title=\"Carla Rodrigues\/Inea\"\/><\/figure>\n<\/div>\n\n\n<h6 class=\"wp-block-heading\">Inspe\u00e7\u00e3o revela f\u00e1bricas de gelo com irregularidades&nbsp;<strong>Carla Rodrigues\/Inea<\/strong><\/h6>\n\n\n\n<p>Segundo balan\u00e7o divulgado pelas institui\u00e7\u00f5es, as&nbsp;<strong>primeiras amostras analisadas revelaram n\u00edveis de cloro diferentes dos padr\u00f5es, o que pode indicar que a \u00e1gua foi coletada de fonte irregular de capta\u00e7\u00e3o<\/strong>.<\/p>\n\n\n\n<p>Duas pessoas foram conduzidas para a Delegacia do Consumidor (Decon) para prestar&nbsp;esclarecimentos. Elas se apresentaram como respons\u00e1veis por&nbsp;tr\u00eas caminh\u00f5es e por um carro&nbsp;que armazenavam sacos de gelo e gal\u00f5es de \u00e1gua.<\/p>\n\n\n\n<p>Den\u00fancias de crimes ambientais no estado podem ser feitas ao Linha Verde por meio dos telefones 0300 253 1177 (interior, custo de liga\u00e7\u00e3o local) ou 2253-1177 (capital). No aplicativo Disque Den\u00fancia Rio (dispon\u00edvel para sistema operacional Android ou&nbsp;<a href=\"https:\/\/apps.apple.com\/br\/app\/disque-den%C3%BAncia-rj\/id1147688588\" target=\"_blank\" rel=\"noreferrer noopener\">iOS<\/a>), os usu\u00e1rios podem denunciar anexando fotos e\/ou v\u00eddeos, com garantia de anonimato.<\/p>\n\n\n\n<p>A&nbsp;<strong>multa em caso de irregularidade varia de R$ 150 mil a R$ 200 mil, al\u00e9m da interdi\u00e7\u00e3o do estabelecimento respons\u00e1vel pelo envasamento da \u00e1gua e do gelo.<\/strong><br><\/p>\n","protected":false},"excerpt":{"rendered":"<p>F\u00e1bricas captavam \u00e1gua de po\u00e7os sem licen\u00e7a ambiental Por Mariana Tokarnia &#8211; Rep\u00f3rter da Ag\u00eancia<\/p>\n","protected":false},"author":2,"featured_media":99848,"comment_status":"open","ping_status":"open","sticky":false,"template":"","format":"standard","meta":{"footnotes":""},"categories":[17],"tags":[],"class_list":["post-99846","post","type-post","status-publish","format-standard","has-post-thumbnail","hentry","category-outras-noticias"],"_links":{"self":[{"href":"https:\/\/tvc16.com\/portal\/wp-json\/wp\/v2\/posts\/99846","targetHints":{"allow":["GET"]}}],"collection":[{"href":"https:\/\/tvc16.com\/portal\/wp-json\/wp\/v2\/posts"}],"about":[{"href":"https:\/\/tvc16.com\/portal\/wp-json\/wp\/v2\/types\/post"}],"author":[{"embeddable":true,"href":"https:\/\/tvc16.com\/portal\/wp-json\/wp\/v2\/users\/2"}],"replies":[{"embeddable":true,"href":"https:\/\/tvc16.com\/portal\/wp-json\/wp\/v2\/comments?post=99846"}],"version-history":[{"count":1,"href":"https:\/\/tvc16.com\/portal\/wp-json\/wp\/v2\/posts\/99846\/revisions"}],"predecessor-version":[{"id":99849,"href":"https:\/\/tvc16.com\/portal\/wp-json\/wp\/v2\/posts\/99846\/revisions\/99849"}],"wp:featuredmedia":[{"embeddable":true,"href":"https:\/\/tvc16.com\/portal\/wp-json\/wp\/v2\/media\/99848"}],"wp:attachment":[{"href":"https:\/\/tvc16.com\/portal\/wp-json\/wp\/v2\/media?parent=99846"}],"wp:term":[{"taxonomy":"category","embeddable":true,"href":"https:\/\/tvc16.com\/portal\/wp-json\/wp\/v2\/categories?post=99846"},{"taxonomy":"post_tag","embeddable":true,"href":"https:\/\/tvc16.com\/portal\/wp-json\/wp\/v2\/tags?post=99846"}],"curies":[{"name":"wp","href":"https:\/\/api.w.org\/{rel}","templated":true}]}}