{"id":99856,"date":"2025-02-27T09:03:47","date_gmt":"2025-02-27T12:03:47","guid":{"rendered":"https:\/\/tvc16.com\/portal\/?p=99856"},"modified":"2025-02-27T09:03:50","modified_gmt":"2025-02-27T12:03:50","slug":"brasil-criou-1373-mil-postos-formais-de-trabalho-em-janeiro","status":"publish","type":"post","link":"https:\/\/tvc16.com\/portal\/2025\/02\/27\/brasil-criou-1373-mil-postos-formais-de-trabalho-em-janeiro\/","title":{"rendered":"Brasil criou 137,3 mil postos formais de trabalho em janeiro"},"content":{"rendered":"\n<p><em>Ministro reitera cr\u00edticas a pessimismo do mercado<\/em><\/p>\n\n\n\n<p>Por Pedro Peduzzi &#8211; Rep\u00f3rter da Ag\u00eancia Brasil \/ Foto: Marcelo Camargo\/Ag\u00eancia Brasil<\/p>\n\n\n\n<p><\/p>\n\n\n\n<p>O&nbsp;<strong>Brasil aumentou em 137.303 o n\u00famero de empregos formais no m\u00eas de janeiro<\/strong>, situa\u00e7\u00e3o em que o posto de trabalho garante ao trabalhador direitos e deveres previstos na legisla\u00e7\u00e3o trabalhista regidas pela CLT.<img decoding=\"async\" src=\"https:\/\/agenciabrasil.ebc.com.br\/ebc.png?id=1631990&amp;o=node\"><img decoding=\"async\" src=\"https:\/\/agenciabrasil.ebc.com.br\/ebc.gif?id=1631990&amp;o=node\"><\/p>\n\n\n\n<p>O&nbsp;<strong>saldo de empregos celetistas decorre de 2.271.611 admiss\u00f5es e de 2.134.308 desligamentos<\/strong>, segundo o&nbsp;<a href=\"https:\/\/www.gov.br\/trabalho-e-emprego\/pt-br\/assuntos\/estatisticas-trabalho\/novo-caged\/2025\/janeiro\/pagina-inicial\" target=\"_blank\" rel=\"noreferrer noopener\">Novo Cadastro Geral de Empregados e Desempregados (Novo Caged)<\/a>, divulgado nesta quarta-feira (26) pelo ministro do Trabalho e Emprego, Luiz Marinho.<\/p>\n\n\n\n<p>De acordo com o minist\u00e9rio, o total de celetistas ativos no pa\u00eds (estoque) em janeiro era de 47.341.293 v\u00ednculos, resultado que representa varia\u00e7\u00e3o positiva de 0,29%, na compara\u00e7\u00e3o com o estoque registrado em dezembro.<\/p>\n\n\n\n<p>No acumulado de 12 meses,&nbsp;<strong>de fevereiro de 2024 a janeiro deste ano, o saldo tamb\u00e9m \u00e9 positivo em 1.650.785 empregos celetistas<\/strong>. No per\u00edodo, foram 25.743.968 admiss\u00f5es e 24.093.183 desligamentos.<\/p>\n\n\n\n<h2 class=\"wp-block-heading\">Sal\u00e1rio<\/h2>\n\n\n\n<p>Segundo mostra o Caged, o&nbsp;<strong>sal\u00e1rio m\u00e9dio das admiss\u00f5es aumentou 4,12% de dezembro do ano passado para janeiro deste ano<\/strong>. O percentual corresponde a um&nbsp;<strong>acr\u00e9scimo de R$ 89,02 no recebido pelos admitidos<\/strong>, resultando em um&nbsp;<strong>sal\u00e1rio inicial de R$ 2.251,33<\/strong>.<\/p>\n\n\n\n<p>Ao anunciar os n\u00fameros, o&nbsp;<strong>ministro Luiz Marinho fez cr\u00edticas a manifesta\u00e7\u00f5es creditadas a \u201cum tal mercado que n\u00e3o apresenta CPF\u201d<\/strong>, de que a gera\u00e7\u00e3o de novos empregos seria algo negativo para o pa\u00eds.<\/p>\n\n\n\n<blockquote class=\"wp-block-quote is-layout-flow wp-block-quote-is-layout-flow\">\n<p>\u201cVejo com estranhamento esse tal de mercado dizer que saldo positivo de emprego \u00e9 um mal. Eu n\u00e3o consigo entender que isso seja um problema [que resulte em aumento de juros]\u201d, criticou.<\/p>\n<\/blockquote>\n\n\n\n<p>Segundo Marinho, juros \u00e9 um problema que cabe ao Banco Central monitorar, \u201cdialogando com os entes produtivos, para se prepararem para uma economia crescente, programando mais produ\u00e7\u00e3o, de forma a controlar a infla\u00e7\u00e3o\u201d.<\/p>\n\n\n\n<h2 class=\"wp-block-heading\">Atividades econ\u00f4micas<\/h2>\n\n\n\n<p>De acordo com os dados do Caged,&nbsp;<strong>quatro dos cinco grandes grupos de atividades apresentaram saldo positivo de empregos celetistas em janeiro<\/strong>. O segmento que gerou maior n\u00famero de vagas foi o de Ind\u00fastria Geral.<\/p>\n\n\n\n<ul class=\"wp-block-list\">\n<li>Ind\u00fastria Geral, saldo de 70.428 novos postos de trabalho<\/li>\n\n\n\n<li>Servi\u00e7os, com saldo positivo de 45.165 postos<\/li>\n\n\n\n<li>Constru\u00e7\u00e3o, com saldo de 38.373 postos<\/li>\n\n\n\n<li>Agropecu\u00e1ria, com\u00a035.754 postos<\/li>\n<\/ul>\n\n\n\n<p>O \u00fanico segmento que registrou saldo negativo foi o de Com\u00e9rcio, com 52.417 postos a menos.<\/p>\n\n\n\n<h2 class=\"wp-block-heading\">Mais cr\u00edticas<\/h2>\n\n\n\n<p>Luiz Marinho aproveitou o resultado para, novamente, falar da&nbsp;<strong>\u201cincapacidade do mercado\u201d em fazer proje\u00e7\u00f5es que correspondam \u00e0 realidade brasileira<\/strong>.&nbsp;<\/p>\n\n\n\n<p>\u201cFoi assim em 2023, quando projetaram que o crescimento do PIB seria, no m\u00e1ximo de 0,7%, quando cresceu 3,2%. Em 2024, projetaram que, no m\u00e1ximo, cresceria 1%. Crescemos 3,8%\u201d, disse.<\/p>\n\n\n\n<blockquote class=\"wp-block-quote is-layout-flow wp-block-quote-is-layout-flow\">\n<p>\u201cAgora est\u00e3o, de novo, tentando projetar para baixo a realidade da economia brasileira. N\u00e3o sei qual \u00e9 a desse tal mercado que nem CPF apresenta, para a gente poder conversar e ensin\u00e1-los a projetar corretamente, entendendo que o mundo da economia n\u00e3o se faz somente pela macroeconomia. Tem tamb\u00e9m a microeconomia, que reage com as pol\u00edticas p\u00fablicas de aumento real do sal\u00e1rio m\u00ednimo\u201d, afirmou.<\/p>\n<\/blockquote>\n\n\n\n<h2 class=\"wp-block-heading\">Regi\u00f5es<\/h2>\n\n\n\n<p>Das cinco regi\u00f5es, quatro apresentaram saldo positivo no n\u00famero de empregos formais em janeiro.<\/p>\n\n\n\n<p><strong>No Sul, foram 65.712 novos postos de trabalho<\/strong>, o que corresponde a um aumento de 0,76% de dezembro de 2024 para janeiro deste ano.<\/p>\n\n\n\n<p><strong>Na Regi\u00e3o Centro-Oeste, foram 44.363 novos postos<\/strong>, uma alta de 1,06% na compara\u00e7\u00e3o com o m\u00eas anterior.<\/p>\n\n\n\n<p><strong>O Sudeste gerou 27.756 novos postos (0,12%)<\/strong>; e o&nbsp;<strong>Norte, 1.932 postos (0,08 %)<\/strong>.<\/p>\n\n\n\n<p>J\u00e1 o&nbsp;<strong>Nordeste reduziu em 2.671 o n\u00famero de empregos celetistas<\/strong>, queda de 0,03%.<\/p>\n\n\n\n<p><strong>Das 27 unidades federativas,<\/strong>&nbsp;<strong>17 registraram saldos positivos<\/strong>. S\u00e3o Paulo foi o estado que apresentou maior saldo, com 36.125 novos postos, o que corresponde a um aumento de 0,25% em janeiro, na compara\u00e7\u00e3o com o m\u00eas anterior.&nbsp;<\/p>\n\n\n\n<p>Em segundo lugar est\u00e1 o Rio Grande do Sul, com saldo positivo de 26.732 postos (0,94%), seguido de Santa Catarina, com saldo de 23.062 postos (0,90%).<\/p>\n\n\n\n<figure class=\"wp-block-embed is-type-rich is-provider-incorporar-manipulador wp-block-embed-incorporar-manipulador wp-embed-aspect-16-9 wp-has-aspect-ratio\"><div class=\"wp-block-embed__wrapper\">\n<iframe loading=\"lazy\" title=\"Caged: mais de 137 mil vagas geradas em 2025\" width=\"640\" height=\"360\" src=\"https:\/\/www.youtube.com\/embed\/OqR4Tl5nQ0Q?feature=oembed\" frameborder=\"0\" allow=\"accelerometer; autoplay; clipboard-write; encrypted-media; gyroscope; picture-in-picture; web-share\" referrerpolicy=\"strict-origin-when-cross-origin\" allowfullscreen><\/iframe>\n<\/div><\/figure>\n\n\n\n<h2 class=\"wp-block-heading\">Unidades federativas<\/h2>\n\n\n\n<p>Os estados com&nbsp;<strong>menor saldo<\/strong>&nbsp;foram&nbsp;<strong>Rio de Janeiro<\/strong>, com uma redu\u00e7\u00e3o de 12.960 postos celetistas (0,33%),&nbsp;<strong>seguido de<\/strong>&nbsp;<strong>Pernambuco<\/strong>, que reduziu em 5.230 postos (0,34%); e&nbsp;<strong>Par\u00e1<\/strong>, com 2.203 postos a menos (0,22%).<\/p>\n\n\n\n<p>Segundo o Caged, em termos relativos, os estados com&nbsp;<strong>maior varia\u00e7\u00e3o positiva<\/strong>&nbsp;em rela\u00e7\u00e3o ao estoque do m\u00eas anterior foram&nbsp;<strong>Mato Grosso<\/strong>, com um aumento de 2,07% no n\u00famero de postos celetistas, com saldo positivo de 19.507 novos postos.<\/p>\n\n\n\n<p>O&nbsp;<strong>Rio Grande do Sul<\/strong>&nbsp;aumentou em 0,94% o n\u00famero de empregos celetistas, o que corresponde a 26.732 novos postos (0,94%).&nbsp;<strong>Santa Catarina<\/strong>&nbsp;aumentou em 0,9% o total de empregos formais, resultado que equivale a saldo positivo de 23.062 postos.<\/p>\n\n\n\n<p>J\u00e1 as unidades federativas que apresentaram as&nbsp;<strong>menores varia\u00e7\u00f5es<\/strong>&nbsp;de estoque em janeiro foram o&nbsp;<strong>Acre<\/strong>, com uma redu\u00e7\u00e3o de 645 postos, seguido de&nbsp;<strong>Pernambuco<\/strong>, com menos 5.230 postos, e o&nbsp;<strong>Rio de Janeiro<\/strong>, com menos 12.960 postos.<br><\/p>\n","protected":false},"excerpt":{"rendered":"<p>Ministro reitera cr\u00edticas a pessimismo do mercado Por Pedro Peduzzi &#8211; Rep\u00f3rter da Ag\u00eancia Brasil<\/p>\n","protected":false},"author":2,"featured_media":99858,"comment_status":"open","ping_status":"open","sticky":false,"template":"","format":"standard","meta":{"footnotes":""},"categories":[17],"tags":[],"class_list":["post-99856","post","type-post","status-publish","format-standard","has-post-thumbnail","hentry","category-outras-noticias"],"_links":{"self":[{"href":"https:\/\/tvc16.com\/portal\/wp-json\/wp\/v2\/posts\/99856","targetHints":{"allow":["GET"]}}],"collection":[{"href":"https:\/\/tvc16.com\/portal\/wp-json\/wp\/v2\/posts"}],"about":[{"href":"https:\/\/tvc16.com\/portal\/wp-json\/wp\/v2\/types\/post"}],"author":[{"embeddable":true,"href":"https:\/\/tvc16.com\/portal\/wp-json\/wp\/v2\/users\/2"}],"replies":[{"embeddable":true,"href":"https:\/\/tvc16.com\/portal\/wp-json\/wp\/v2\/comments?post=99856"}],"version-history":[{"count":1,"href":"https:\/\/tvc16.com\/portal\/wp-json\/wp\/v2\/posts\/99856\/revisions"}],"predecessor-version":[{"id":99859,"href":"https:\/\/tvc16.com\/portal\/wp-json\/wp\/v2\/posts\/99856\/revisions\/99859"}],"wp:featuredmedia":[{"embeddable":true,"href":"https:\/\/tvc16.com\/portal\/wp-json\/wp\/v2\/media\/99858"}],"wp:attachment":[{"href":"https:\/\/tvc16.com\/portal\/wp-json\/wp\/v2\/media?parent=99856"}],"wp:term":[{"taxonomy":"category","embeddable":true,"href":"https:\/\/tvc16.com\/portal\/wp-json\/wp\/v2\/categories?post=99856"},{"taxonomy":"post_tag","embeddable":true,"href":"https:\/\/tvc16.com\/portal\/wp-json\/wp\/v2\/tags?post=99856"}],"curies":[{"name":"wp","href":"https:\/\/api.w.org\/{rel}","templated":true}]}}