{"id":99866,"date":"2025-02-28T05:00:00","date_gmt":"2025-02-28T08:00:00","guid":{"rendered":"https:\/\/tvc16.com\/portal\/?p=99866"},"modified":"2025-02-27T09:17:31","modified_gmt":"2025-02-27T12:17:31","slug":"o-carnaval-mais-aguardado-de-itaipava-comeca-neste-sabado","status":"publish","type":"post","link":"https:\/\/tvc16.com\/portal\/2025\/02\/28\/o-carnaval-mais-aguardado-de-itaipava-comeca-neste-sabado\/","title":{"rendered":"O Carnaval mais aguardado de Itaipava come\u00e7a neste s\u00e1bado"},"content":{"rendered":"\n<p><em>Taru\u00edra e Carnavau au au garantem quatro dias com m\u00fasica, alegria e at\u00e9 folia pet no Vilarejo<\/em><br><br>Foto: Thayn\u00e1 Delgado<br><\/p>\n\n\n\n<p>Quatro dias de festa, m\u00fasica contagiante e divers\u00e3o para todas as idades. De s\u00e1bado a ter\u00e7a-feira (01 a 4 de mar\u00e7o), o distrito se transforma no ponto de encontro para quem quer curtir a folia em um ambiente animado, mas sem abrir m\u00e3o do conforto e da seguran\u00e7a.&nbsp; A programa\u00e7\u00e3o do Shopping Vilarejo \u00e9 um diferencial com o Carnaval do Taru\u00edra, que \u00e9 sin\u00f4nimo de alegria derramada em samba e chorinho. E para os pequenos, sem esquecer tamb\u00e9m os pets, rola o Carnavau au au.<\/p>\n\n\n\n<p>A abertura da folia acontece em grande estilo no Carnavau au au, a programa\u00e7\u00e3o mais fofinha desta festa toda. Em sua segunda edi\u00e7\u00e3o, o evento abre a programa\u00e7\u00e3o do Carnaval no Vilarejo, no s\u00e1bado, \u00e0s 15h, com um divertido desfile de fantasias, onde crian\u00e7as e pets podem concorrer a um pr\u00eamio especial: um overboard (patinete el\u00e9trico) para garantir a divers\u00e3o p\u00f3s-folia. O evento contar\u00e1 com DJ, anima\u00e7\u00e3o e muito alto-astral, garantindo que toda a fam\u00edlia \u2014 inclusive os bichinhos \u2014 entre no clima do Carnaval.<\/p>\n\n\n\n<p>\u201cN\u00e3o tem Carnaval completo sem os nossos amigos de quatro patas. O sucesso do ano passado mostrou que os pets e seus donos adoram a brincadeira, ent\u00e3o voltamos com tudo para mais uma edi\u00e7\u00e3o cheia de fofura e anima\u00e7\u00e3o\u201d, comenta Tiago Corr\u00eaa, administrador do shopping.<\/p>\n\n\n\n<p><strong>Taru\u00edra: quando a m\u00fasica vira festa<\/strong><\/p>\n\n\n\n<p>De domingo a ter\u00e7a-feira (2 a 4 de mar\u00e7o), sempre a partir das 17h, a Pra\u00e7a do Sol ser\u00e1 palco da tradicional folia comandada pelo Taru\u00edra. A parceria entra em sua 13\u00aa edi\u00e7\u00e3o e \u00e9 a programa\u00e7\u00e3o mais aguardada de Itaipava. P\u00fablico do Rio e Minas j\u00e1 descobriram o \u201csegredo\u201d do Carnaval fam\u00edlia e batem ponto nos dias de folia no shopping. Este ano, o Vilarejo programou uma edi\u00e7\u00e3o cinematogr\u00e1fica: com decora\u00e7\u00e3o inspirada na s\u00e9tima arte, o evento convida os foli\u00f5es a capricharem nas fantasias tem\u00e1ticas.<\/p>\n\n\n\n<p>O sexteto instrumental de Petr\u00f3polis \u00e9 conhecido por suas vibrantes rodas de choro e samba. Fundado em 2002, o grupo rapidamente se destacou na cena musical carioca, mesclando tradi\u00e7\u00e3o e modernidade em suas apresenta\u00e7\u00f5es. No ano passado, a festa reuniu cerca de 15 mil pessoas, provando que o Carnaval do Taru\u00edra \u00e9 um dos eventos mais aguardados da regi\u00e3o. A expectativa para 2025 \u00e9 ainda maior, com cl\u00e1ssicos repaginados e um time de m\u00fasicos talentosos levando a festa para outro n\u00edvel.<\/p>\n\n\n\n<p>Nesta edi\u00e7\u00e3o, o Taru\u00edra vem com&nbsp;uma forma\u00e7\u00e3o especial para a ocasi\u00e3o. Comandam a folia com Breno Morais (sax e flauta), Carlos Watkins (sax), Wesley Costalonga (trompete), Arthur Leite (trombone), Laio Simas (cavaquinho), Wiliam Belle (guitarra), Jo\u00e3o Victor (baixo), Yuri Garrido e Storni (bateria e percuss\u00e3o). Para deixar a festa ainda mais especial, as cantoras Maria Swenson, Melissa Maluly e N\u00edvea Seabra fazem participa\u00e7\u00f5es especiais.<\/p>\n\n\n\n<p>\u201c\u00c9 sempre um prazer imenso fazer esse Carnaval, que j\u00e1 virou uma tradi\u00e7\u00e3o na Serra. Ver as fam\u00edlias, os amigos e as crian\u00e7as cantando e dan\u00e7ando juntos \u00e9 emocionante. E para este ano, garantimos surpresas no repert\u00f3rio e aquela energia que s\u00f3 o Taru\u00edra tem\u201d, conta Breno Morais, integrante da banda.<\/p>\n\n\n\n<p>\u201cA nossa divers\u00e3o \u00e9 garantir um trabalho de uma equipe empenhada para que todos possam curtir. \u00c9 assim que a gente fica feliz fazendo uma entrega que deixa emo\u00e7\u00f5es e lembran\u00e7as marcadas em todos que vieram curtir\u201d, destaca Tiago Corr\u00eaa.<\/p>\n\n\n\n<p>O Carnaval do Vilarejo \u00e9 uma realiza\u00e7\u00e3o do Shopping Vilarejo e do Grupo Taru\u00edra, com os apoiadores Bramil, Euro Colch\u00f5es, Grupo Prattica, DJ Mau e Be Happy, al\u00e9m do patroc\u00ednio do Centro de Conven\u00e7\u00f5es Granja Brasil.<\/p>\n\n\n\n<p><img decoding=\"async\" alt=\"\ud83d\udccc\" src=\"https:\/\/fonts.gstatic.com\/s\/e\/notoemoji\/16.0\/1f4cc\/32.png\">&nbsp;<strong>Servi\u00e7o: Carnaval do Vilarejo<\/strong><\/p>\n\n\n\n<p><img decoding=\"async\" alt=\"\ud83d\udccd\" src=\"https:\/\/fonts.gstatic.com\/s\/e\/notoemoji\/16.0\/1f4cd\/32.png\">&nbsp;Local: Shopping Vilarejo \u2013 Estrada Uni\u00e3o e Ind\u00fastria, 10.035 \u2013 Itaipava<\/p>\n\n\n\n<p><br><img decoding=\"async\" alt=\"\ud83c\udfad\" src=\"https:\/\/fonts.gstatic.com\/s\/e\/notoemoji\/16.0\/1f3ad\/32.png\">&nbsp;<strong>Carnavau Au Au&nbsp;<\/strong><strong><\/strong><br><img decoding=\"async\" alt=\"\ud83d\udcc5\" src=\"https:\/\/fonts.gstatic.com\/s\/e\/notoemoji\/16.0\/1f4c5\/32.png\">&nbsp;Data: 1\u00ba de mar\u00e7o (s\u00e1bado)<br><img decoding=\"async\" alt=\"\ud83d\udd52\" src=\"https:\/\/fonts.gstatic.com\/s\/e\/notoemoji\/16.0\/1f552\/32.png\">&nbsp;Hor\u00e1rio: 15h<br><img decoding=\"async\" alt=\"\ud83c\udf9f\" src=\"https:\/\/fonts.gstatic.com\/s\/e\/notoemoji\/16.0\/1f39f\/32.png\">&nbsp;Entrada: Gratuita<\/p>\n\n\n\n<p><img decoding=\"async\" alt=\"\ud83c\udfb6\" src=\"https:\/\/fonts.gstatic.com\/s\/e\/notoemoji\/16.0\/1f3b6\/32.png\">&nbsp;<strong>Carnaval Taru\u00edra&nbsp;<\/strong><strong><\/strong><br><img decoding=\"async\" alt=\"\ud83d\udcc5\" src=\"https:\/\/fonts.gstatic.com\/s\/e\/notoemoji\/16.0\/1f4c5\/32.png\">&nbsp;Data: 2, 3 e 4 de mar\u00e7o (domingo, segunda e ter\u00e7a)<br><img decoding=\"async\" alt=\"\ud83d\udd52\" src=\"https:\/\/fonts.gstatic.com\/s\/e\/notoemoji\/16.0\/1f552\/32.png\">&nbsp;Hor\u00e1rio: 17h \u00e0s 21h<br><img decoding=\"async\" alt=\"\ud83c\udf9f\" src=\"https:\/\/fonts.gstatic.com\/s\/e\/notoemoji\/16.0\/1f39f\/32.png\">&nbsp;Entrada: Gratuita<br><\/p>\n\n\n\n<p><img decoding=\"async\" alt=\"\u23f0\" src=\"https:\/\/fonts.gstatic.com\/s\/e\/notoemoji\/16.0\/23f0\/32.png\">&nbsp;<strong>Hor\u00e1rio de funcionamento do shopping:<\/strong><br>\u2022 Ter\u00e7a-feira: 14h \u00e0s 19h<br>\u2022 Quarta a sexta-feira: 10h \u00e0s 19h<br>\u2022 S\u00e1bado: 10h \u00e0s 20h<br>\u2022 Domingo: 10h \u00e0s 18h<\/p>\n\n\n\n<p><img decoding=\"async\" alt=\"\ud83d\udcf2\" src=\"https:\/\/fonts.gstatic.com\/s\/e\/notoemoji\/16.0\/1f4f2\/32.png\">&nbsp;<strong>Mais informa\u00e7\u00f5es:<\/strong>&nbsp;@shoppingvilarejo no Instagram<\/p>\n","protected":false},"excerpt":{"rendered":"<p>Taru\u00edra e Carnavau au au garantem quatro dias com m\u00fasica, alegria e at\u00e9 folia pet<\/p>\n","protected":false},"author":2,"featured_media":99868,"comment_status":"open","ping_status":"open","sticky":false,"template":"","format":"standard","meta":{"footnotes":""},"categories":[12],"tags":[],"class_list":["post-99866","post","type-post","status-publish","format-standard","has-post-thumbnail","hentry","category-cidade"],"_links":{"self":[{"href":"https:\/\/tvc16.com\/portal\/wp-json\/wp\/v2\/posts\/99866","targetHints":{"allow":["GET"]}}],"collection":[{"href":"https:\/\/tvc16.com\/portal\/wp-json\/wp\/v2\/posts"}],"about":[{"href":"https:\/\/tvc16.com\/portal\/wp-json\/wp\/v2\/types\/post"}],"author":[{"embeddable":true,"href":"https:\/\/tvc16.com\/portal\/wp-json\/wp\/v2\/users\/2"}],"replies":[{"embeddable":true,"href":"https:\/\/tvc16.com\/portal\/wp-json\/wp\/v2\/comments?post=99866"}],"version-history":[{"count":1,"href":"https:\/\/tvc16.com\/portal\/wp-json\/wp\/v2\/posts\/99866\/revisions"}],"predecessor-version":[{"id":99869,"href":"https:\/\/tvc16.com\/portal\/wp-json\/wp\/v2\/posts\/99866\/revisions\/99869"}],"wp:featuredmedia":[{"embeddable":true,"href":"https:\/\/tvc16.com\/portal\/wp-json\/wp\/v2\/media\/99868"}],"wp:attachment":[{"href":"https:\/\/tvc16.com\/portal\/wp-json\/wp\/v2\/media?parent=99866"}],"wp:term":[{"taxonomy":"category","embeddable":true,"href":"https:\/\/tvc16.com\/portal\/wp-json\/wp\/v2\/categories?post=99866"},{"taxonomy":"post_tag","embeddable":true,"href":"https:\/\/tvc16.com\/portal\/wp-json\/wp\/v2\/tags?post=99866"}],"curies":[{"name":"wp","href":"https:\/\/api.w.org\/{rel}","templated":true}]}}