{"id":99880,"date":"2025-03-02T07:00:00","date_gmt":"2025-03-02T10:00:00","guid":{"rendered":"https:\/\/tvc16.com\/portal\/?p=99880"},"modified":"2025-03-02T10:22:48","modified_gmt":"2025-03-02T13:22:48","slug":"prefeitura-recebe-iphan-e-mpf-na-apresentacao-do-projeto-de-revisao-do-tombamento-do-conjunto-urbano-paisagistico-de-petropolis","status":"publish","type":"post","link":"https:\/\/tvc16.com\/portal\/2025\/03\/02\/prefeitura-recebe-iphan-e-mpf-na-apresentacao-do-projeto-de-revisao-do-tombamento-do-conjunto-urbano-paisagistico-de-petropolis\/","title":{"rendered":"Prefeitura recebe IPHAN e MPF na apresentac\u00e3o do projeto de revis\u00e3o do tombamento do conjunto urbano-paisag\u00edstico de Petr\u00f3polis"},"content":{"rendered":"\n<p><em>O novo tombamento prev\u00ea ainda a atualiza\u00e7\u00e3o das normas e portarias<\/em><\/p>\n\n\n\n<p>Na manh\u00e3 desta quarta-feira (26), o prefeito Hingo Hammes, e os secret\u00e1rios de Obras, Maur\u00edcio Veiga, de Cultura, Adenilson Honorato, de Governo Fred Proc\u00f3pio, al\u00e9m da chefe de Gabinete, Ros\u00e2ngela Stumpf, e do assessor especial Marcelo Fiorini, receberam a superintendente estadual do Instituto do Patrim\u00f4nio Hist\u00f3rico e Art\u00edstico Nacional &#8211; IPHAN, Patr\u00edcia Corr\u00eaa, e a procuradora do Minist\u00e9rio P\u00fablico Federal &#8211; MPF, Vanessa Seguezzi, para a apresenta\u00e7\u00e3o do projeto de rerratifica\u00e7\u00e3o do projeto de tombamento do Conjunto Urbano-Paisag\u00edstico de Petr\u00f3polis. O novo tombamento, que \u00e9 a quarta revis\u00e3o do tombamento original do Acervo Paisag\u00edstico e Urban\u00edstico da Avenida Koeller (1964) prev\u00ea o destombamento de algumas \u00e1reas e a inclus\u00e3o de novas, al\u00e9m da cria\u00e7\u00e3o de normas e portarias para garantir a melhor gest\u00e3o do patrim\u00f4nio tombado.<\/p>\n\n\n\n<p>\u201cNosso objetivo \u00e9 encontrar equil\u00edbrio entre preserva\u00e7\u00e3o e desenvolvimento, garantindo que a prote\u00e7\u00e3o do nosso patrim\u00f4nio cultural aconte\u00e7a de forma respons\u00e1vel, sem impedir o avan\u00e7o sustent\u00e1vel e necess\u00e1rio da cidade. Petr\u00f3polis \u00e9 uma das cidades do pa\u00eds com maior relev\u00e2ncia hist\u00f3rica e tur\u00edstica, n\u00e3o por acaso \u00e9 a que tem o maior n\u00famero de tombamentos na Regi\u00e3o Serrana. Qualquer decis\u00e3o sobre seu tombamento precisa ser amplamente debatida com a sociedade, considerando tanto a necessidade de preserva\u00e7\u00e3o, quanto as demandas da popula\u00e7\u00e3o\u201d, destacou o prefeito Hingo Hammes.<\/p>\n\n\n\n<p>A primeira rerratifica\u00e7\u00e3o foi feita em 1980. Na \u00e9poca, al\u00e9m da Vila Imperial, prevista no plano Koeller, foram feitas as inclus\u00f5es da Catedral S\u00e3o Pedro de Alc\u00e2ntara, da Rua da Imperatriz, da Avenida Ipiranga, da pra\u00e7a da Liberdade, entre outras \u00e1reas e monumentos do Centro Hist\u00f3rico. Outras duas rerratifica\u00e7\u00f5es foram feitas ao longo das \u00faltimas d\u00e9cadas. Entre as mudan\u00e7as desta quarta revis\u00e3o, est\u00e3o, por exemplo, os destombamentos dos rios Bingen e Quitandinha, assim como a inclus\u00e3o de outras \u00e1reas importantes, como o conjunto paisag\u00edstico da avenida Bar\u00e3o do Rio Branco e da Rua Bingen, por exemplo. Tamb\u00e9m est\u00e1 prevista a inclus\u00e3o e revis\u00e3o de \u00e1reas do tombamento paisag\u00edstico do Centro Hist\u00f3rico, o que inclui \u00e1reas de Mata Atl\u00e2ntica. Al\u00e9m disso, a delimita\u00e7\u00e3o de \u00e1reas constru\u00eddas na regi\u00e3o central que n\u00e3o respeitaram o plano urban\u00edstico original da cidade, evitando assim mais desordenamento, impactando diretamente na preserva\u00e7\u00e3o das encostas.<\/p>\n\n\n\n<p>\u201cA rerratifica\u00e7\u00e3o do tombamento da cidade de Petr\u00f3polis, al\u00e9m da quest\u00e3o dos pr\u00f3prios im\u00f3veis, que ainda n\u00e3o haviam sido reconhecidos como tombados, existe a quest\u00e3o das encostas. Porque a gente percebe que a cada chuva h\u00e1 desmoronamento e isso \u00e9 decorrente da expans\u00e3o imobili\u00e1ria. Quando a gente entra com a prote\u00e7\u00e3o tamb\u00e9m do IPHAN, a gente consegue inibir essa ocupa\u00e7\u00e3o desordenada e auxilia a prefeitura nesse sentido, para que na chuva essas encostas sejam protegidas\u201d, explicou a superintendente estadual do IPHAN.<\/p>\n\n\n\n<p>O MPF tamb\u00e9m faz parte do debate do novo tombamento. \u201cO Minist\u00e9rio P\u00fablico Federal vem acompanhando essa proposta desde 2018, quando o IPHAN iniciou os trabalhos e vem cobrando a apresenta\u00e7\u00e3o de um cronograma. O t\u00e9rmino desse trabalho \u00e9 bem importante para Petropolis, porque redefinindo regramento do seu tombamento, traz seguran\u00e7a jur\u00eddica, tanto para os t\u00e9cnicos, quanto para os empreendedores, e tamb\u00e9m permite ao munic\u00edpio ter muito bem claro qual \u00e9 a sua \u00e1rea de prote\u00e7\u00e3o, a sua \u00e1rea de expans\u00e3o\u201d, analisou a procuradora da rep\u00fablica.<\/p>\n\n\n\n<p>O pr\u00f3ximo passo \u00e9 a apresenta\u00e7\u00e3o do novo tombamento para a sociedade civil, abrindo a quest\u00e3o ao debate p\u00fablico, antes que o projeto seja efetivamente encaminhado para o Minist\u00e9rio da Cultura e Homologado pelo Governo Federal.<\/p>\n","protected":false},"excerpt":{"rendered":"<p>O novo tombamento prev\u00ea ainda a atualiza\u00e7\u00e3o das normas e portarias Na manh\u00e3 desta quarta-feira<\/p>\n","protected":false},"author":2,"featured_media":99881,"comment_status":"open","ping_status":"open","sticky":false,"template":"","format":"standard","meta":{"footnotes":""},"categories":[12],"tags":[],"class_list":["post-99880","post","type-post","status-publish","format-standard","has-post-thumbnail","hentry","category-cidade"],"_links":{"self":[{"href":"https:\/\/tvc16.com\/portal\/wp-json\/wp\/v2\/posts\/99880","targetHints":{"allow":["GET"]}}],"collection":[{"href":"https:\/\/tvc16.com\/portal\/wp-json\/wp\/v2\/posts"}],"about":[{"href":"https:\/\/tvc16.com\/portal\/wp-json\/wp\/v2\/types\/post"}],"author":[{"embeddable":true,"href":"https:\/\/tvc16.com\/portal\/wp-json\/wp\/v2\/users\/2"}],"replies":[{"embeddable":true,"href":"https:\/\/tvc16.com\/portal\/wp-json\/wp\/v2\/comments?post=99880"}],"version-history":[{"count":2,"href":"https:\/\/tvc16.com\/portal\/wp-json\/wp\/v2\/posts\/99880\/revisions"}],"predecessor-version":[{"id":99883,"href":"https:\/\/tvc16.com\/portal\/wp-json\/wp\/v2\/posts\/99880\/revisions\/99883"}],"wp:featuredmedia":[{"embeddable":true,"href":"https:\/\/tvc16.com\/portal\/wp-json\/wp\/v2\/media\/99881"}],"wp:attachment":[{"href":"https:\/\/tvc16.com\/portal\/wp-json\/wp\/v2\/media?parent=99880"}],"wp:term":[{"taxonomy":"category","embeddable":true,"href":"https:\/\/tvc16.com\/portal\/wp-json\/wp\/v2\/categories?post=99880"},{"taxonomy":"post_tag","embeddable":true,"href":"https:\/\/tvc16.com\/portal\/wp-json\/wp\/v2\/tags?post=99880"}],"curies":[{"name":"wp","href":"https:\/\/api.w.org\/{rel}","templated":true}]}}