{"id":99884,"date":"2025-02-27T11:52:24","date_gmt":"2025-02-27T14:52:24","guid":{"rendered":"https:\/\/tvc16.com\/portal\/?p=99884"},"modified":"2025-02-27T11:52:27","modified_gmt":"2025-02-27T14:52:27","slug":"carnaval-em-petropolis-saiba-o-que-abre-nos-dias-de-festa","status":"publish","type":"post","link":"https:\/\/tvc16.com\/portal\/2025\/02\/27\/carnaval-em-petropolis-saiba-o-que-abre-nos-dias-de-festa\/","title":{"rendered":"Carnaval em Petr\u00f3polis: saiba o que abre nos dias de festa"},"content":{"rendered":"\n<p>O carnaval em Petr\u00f3polis ter\u00e1 uma grande agenda de eventos durante todos os dias do feriado. Al\u00e9m da festa, a cidade \u00e9 procurada por muitos turistas que buscam um local tranquilo e seguro para descansar nos dias de folga. Mesmo com o feriado, a cidade possui atividades que estar\u00e3o em funcionamento tanto para a divers\u00e3o, como servi\u00e7os de sa\u00fade e emerg\u00eancia e parques.<\/p>\n\n\n\n<p>Confira abaixo o que abre e fecha durante todo o feriado.<\/p>\n\n\n\n<p><strong>Parques<\/strong><\/p>\n\n\n\n<p>Os parques municipais estar\u00e3o abertos todos os dias, nos seguintes hor\u00e1rios:<br>\u2022\u2060 \u2060Parque Cremerie: das 8h \u00e0s 17h<br>\u2022\u2060 \u2060Parque Natural Municipal Padre Quinha, na Avenida Ipiranga: das 8h30 \u00e0s 17h; segunda-feira (03) fechado<br>\u2022\u2060 \u2060Parque Municipal Prefeito Paulo Rattes, em Itaipava: das 7h \u00e0s 18h<\/p>\n\n\n\n<p><strong>Feira Livre e Hortomercado Municipal<\/strong><\/p>\n\n\n\n<p>As feiras do Alto da Serra e do Centro e o Horto Municipal em Itaipava, funcionam durante todo o feriado prolongado com os seguintes hor\u00e1rios:<\/p>\n\n\n\n<p>\u2022\u2060 \u2060Feira Alto da Serra (domingo): das 7h \u00e0s 16h<br>\u2022\u2060 \u2060Feira Centro (s\u00e1bado e ter\u00e7a): das 7h \u00e0s 16h<br>\u2022\u2060 \u2060Horto Mercado Municipal (sexta e s\u00e1bado): das 8h \u00e0s 16h<br>\u2022\u2060 \u2060Horto Mercado Municipal (domingo \u00e0 ter\u00e7a): das 8h \u00e0s 14h<\/p>\n\n\n\n<p><strong>Turismo e Compras<\/strong><\/p>\n\n\n\n<p>Os principais atrativos tur\u00edsticos funcionar\u00e3o da seguinte forma:<\/p>\n\n\n\n<p>Museu Casa de Santos Dumont:<br>28 de fevereiro (sexta-feira) &#8211; Das 10h \u00e0s 17h<br>01 de mar\u00e7o (s\u00e1bado) &#8211; das 10h \u00e0s 17h<br>02 de mar\u00e7o (domingo) &#8211; das 10h \u00e0s 17h<br>03 de mar\u00e7o (segunda-feira) &#8211; das 10h \u00e0s 17h<br>04 de mar\u00e7o (ter\u00e7a-feira) &#8211; das 10h \u00e0s 17h<br>05 de mar\u00e7o (quarta-feira) &#8211; fechado<\/p>\n\n\n\n<p>Museu Casa do Colono:<br>28 de fevereiro (sexta-feira) &#8211; Das 9h \u00e0s 16h<br>01 de mar\u00e7o (s\u00e1bado) &#8211; das 9h \u00e0s 16h<br>02 de mar\u00e7o (domingo) &#8211; das 9h \u00e0s 16h<br>03 de mar\u00e7o (segunda-feira) &#8211; das 9h \u00e0s 16h<br>04 de mar\u00e7o (ter\u00e7a-feira) &#8211; das 9h \u00e0s 16h<br>05 de mar\u00e7o (quarta-feira) &#8211; fechado<\/p>\n\n\n\n<p>Pal\u00e1cio de Cristal:<br>28 de fevereiro (sexta-feira) &#8211; das 9h \u00e0s 17h<br>01 de mar\u00e7o (s\u00e1bado) &#8211; das 9h \u00e0s 18h<br>02 de mar\u00e7o (domingo) &#8211; das 9h \u00e0s 18h<br>03 de mar\u00e7o (segunda-feira) &#8211; das 9h \u00e0s 17h<br>04 de mar\u00e7o (ter\u00e7a-feira) &#8211; das 9h \u00e0s 17h<br>05 de mar\u00e7o (quarta-feira) &#8211; das 9h \u00e0s 17h<\/p>\n\n\n\n<p>Museu Imperial:<br>28 de fevereiro (sexta-feira) &#8211; das 10h \u00e0s 18h<br>01 de mar\u00e7o (s\u00e1bado) &#8211; das 10h \u00e0s 18h<br>02 de mar\u00e7o (domingo) &#8211; das 10h \u00e0s 18h<br>03 de mar\u00e7o (segunda-feira) &#8211; fechado<br>04 de mar\u00e7o (ter\u00e7a-feira) &#8211; das 10h \u00e0s 18h<br>05 de mar\u00e7o (quarta- feira) &#8211; das 10h \u00e0s 18h<\/p>\n\n\n\n<p>Catedral:<br>28 de fevereiro (sexta-feira) &#8211; das 09h \u00e0s 17h<br>01 de mar\u00e7o (s\u00e1bado) \u2013 das 9h \u00e0s 17h<br>02 de mar\u00e7o (domingo) \u2013 das 9h \u00e0s 17h<br>03 de mar\u00e7o (segunda-feira) &#8211; Aberta somente para missa \u00e0s 8h<br>04 de mar\u00e7o (ter\u00e7a-feira) \u2013 das 9h \u00e0s 17h<br>05 de mar\u00e7o (quarta-feira) \u2013 das 9h \u00e0s 17h<\/p>\n\n\n\n<p>Trono de F\u00e1tima:<br>28 de fevereiro (sexta-feira) &#8211; das 10h \u00e0s 18h<br>01 de mar\u00e7o (s\u00e1bado) &#8211; das 9h \u00e0s 18h<br>02 de mar\u00e7o (domingo) &#8211; das 9h \u00e0s 18h<br>03 de mar\u00e7o (segunda-feira) &#8211; das 9h \u00e0s 18h<br>04 de mar\u00e7o (ter\u00e7a- feira) &#8211; das 9h \u00e0s 18h<br>05 de mar\u00e7o (quarta- feira) &#8211; Fechado<\/p>\n\n\n\n<p>Centro de Cultura Raul de Leoni:<br>28 de fevereiro (sexta-feira) \u00e0 05 de mar\u00e7o (quarta-feira) &#8211; fechado<\/p>\n\n\n\n<p>J\u00e1 os polos de moda abrem da seguinte forma:<br>\u2022\u2060 \u2060No Bingen, as lojas abrem de forma facultativa<br>\u2022\u2060 \u2060Na Rua 16 de Mar\u00e7o, as lojas abrem de forma facultativa<br>\u2022\u2060 \u2060Na Rua Teresa, as lojas abrem de forma facultativa<br>\u2022\u2060 \u2060Feirinha de Itaipava abre do dia 28 ao dia 09 das 10h \u00e0s 19h<\/p>\n\n\n\n<p><strong>Emerg\u00eancia e Urg\u00eancia<\/strong><\/p>\n\n\n\n<p>As unidades de urg\u00eancia e emerg\u00eancia &#8211; UPAs de Cascatinha, Centro e Itaipava, Hospital Alcides Carneiro (HAC), Hospital Municipal Nelson de S\u00e1 Earp (HMNSE), Pronto-Socorro do Alto da Serra e Servi\u00e7os de Pronto Atendimento (SPAs) de Pedro do Rio e Posse &#8211; funcionar\u00e3o normalmente.<\/p>\n\n\n\n<p>Reparti\u00e7\u00f5es P\u00fablicas<br>As reparti\u00e7\u00f5es p\u00fablicas do munic\u00edpio estar\u00e3o fechadas do dia 28 de fevereiro ao dia 5 de mar\u00e7o, assim como os postos de sa\u00fade. As escolas municipais s\u00f3 voltam a partir do dia 10 de mar\u00e7o.<\/p>\n\n\n\n<p>Para mais informa\u00e7\u00f5es tur\u00edsticas, consulte o Disque Turismo: de segunda a s\u00e1bado das 9h \u00e0s 17h \/ domingos e feriados das 9h \u00e0s 14h &#8211; 0800-450-7070 \/ WhatsApp (24) 2237-3321.<\/p>\n","protected":false},"excerpt":{"rendered":"<p>O carnaval em Petr\u00f3polis ter\u00e1 uma grande agenda de eventos durante todos os dias do<\/p>\n","protected":false},"author":2,"featured_media":77418,"comment_status":"open","ping_status":"open","sticky":false,"template":"","format":"standard","meta":{"footnotes":""},"categories":[12],"tags":[],"class_list":["post-99884","post","type-post","status-publish","format-standard","has-post-thumbnail","hentry","category-cidade"],"_links":{"self":[{"href":"https:\/\/tvc16.com\/portal\/wp-json\/wp\/v2\/posts\/99884","targetHints":{"allow":["GET"]}}],"collection":[{"href":"https:\/\/tvc16.com\/portal\/wp-json\/wp\/v2\/posts"}],"about":[{"href":"https:\/\/tvc16.com\/portal\/wp-json\/wp\/v2\/types\/post"}],"author":[{"embeddable":true,"href":"https:\/\/tvc16.com\/portal\/wp-json\/wp\/v2\/users\/2"}],"replies":[{"embeddable":true,"href":"https:\/\/tvc16.com\/portal\/wp-json\/wp\/v2\/comments?post=99884"}],"version-history":[{"count":1,"href":"https:\/\/tvc16.com\/portal\/wp-json\/wp\/v2\/posts\/99884\/revisions"}],"predecessor-version":[{"id":99885,"href":"https:\/\/tvc16.com\/portal\/wp-json\/wp\/v2\/posts\/99884\/revisions\/99885"}],"wp:featuredmedia":[{"embeddable":true,"href":"https:\/\/tvc16.com\/portal\/wp-json\/wp\/v2\/media\/77418"}],"wp:attachment":[{"href":"https:\/\/tvc16.com\/portal\/wp-json\/wp\/v2\/media?parent=99884"}],"wp:term":[{"taxonomy":"category","embeddable":true,"href":"https:\/\/tvc16.com\/portal\/wp-json\/wp\/v2\/categories?post=99884"},{"taxonomy":"post_tag","embeddable":true,"href":"https:\/\/tvc16.com\/portal\/wp-json\/wp\/v2\/tags?post=99884"}],"curies":[{"name":"wp","href":"https:\/\/api.w.org\/{rel}","templated":true}]}}