{"id":99886,"date":"2025-03-01T16:15:33","date_gmt":"2025-03-01T19:15:33","guid":{"rendered":"https:\/\/tvc16.com\/portal\/?p=99886"},"modified":"2025-03-01T16:15:35","modified_gmt":"2025-03-01T19:15:35","slug":"petropolis-e-selecionada-para-o-programa-cidades-modelos-verdes-resilientes","status":"publish","type":"post","link":"https:\/\/tvc16.com\/portal\/2025\/03\/01\/petropolis-e-selecionada-para-o-programa-cidades-modelos-verdes-resilientes\/","title":{"rendered":"Petr\u00f3polis \u00e9 selecionada para o Programa Cidades Modelos Verdes Resilientes"},"content":{"rendered":"\n<p>A Prefeitura de Petr\u00f3polis conquistou um novo marco ambiental ao ter a cidade selecionada para integrar o Programa Cidades Modelos Verdes Resilientes, uma iniciativa do Minist\u00e9rio do Meio Ambiente. O programa pretende fortalecer a resili\u00eancia clim\u00e1tica das cidades brasileiras e tem como objetivo melhorar o planejamento clim\u00e1tico, identificar a\u00e7\u00f5es de alto impacto e explorar oportunidades de financiamento para promover a sustentabilidade e adapta\u00e7\u00e3o \u00e0s mudan\u00e7as clim\u00e1ticas.<\/p>\n\n\n\n<p>O Cidades Modelos Verdes Resilientes visa o fortalecimento da atua\u00e7\u00e3o de estados e munic\u00edpios na agenda de adapta\u00e7\u00e3o \u00e0s mudan\u00e7as clim\u00e1ticas, com a inclus\u00e3o de cons\u00f3rcios intermunicipais e associa\u00e7\u00f5es de munic\u00edpios. &#8220;Essa \u00e9 uma grande oportunidade para a cidade se tornar refer\u00eancia em sustentabilidade e resili\u00eancia. Estamos comprometidos em implementar solu\u00e7\u00f5es que protejam o meio ambiente e melhorem a qualidade de vida de nossa popula\u00e7\u00e3o&#8221;, disse o prefeito Hingo Hammes.<\/p>\n\n\n\n<p>Sobre os benef\u00edcios do programa, o vice-prefeito, tamb\u00e9m secret\u00e1rio de Meio Ambiente, Albano Filho, o Baninho, disse que, com a participa\u00e7\u00e3o de Petr\u00f3polis neste programa, ser\u00e1 poss\u00edvel adotar solu\u00e7\u00f5es sustent\u00e1veis que atendam \u00e0s necessidades do munic\u00edpio. \u201cA colabora\u00e7\u00e3o entre o poder p\u00fablico, a sociedade e os especialistas ser\u00e1 essencial para alcan\u00e7ar nossos objetivos\u201d, afirmou.<\/p>\n\n\n\n<p>A inten\u00e7\u00e3o \u00e9 potencializar os servi\u00e7os ecossist\u00eamicos, como a amplia\u00e7\u00e3o de \u00e1reas verdes e a recupera\u00e7\u00e3o de recursos h\u00eddricos, al\u00e9m de propor a cria\u00e7\u00e3o de normativas para orientar o desenvolvimento urbano sustent\u00e1vel e resiliente. A inten\u00e7\u00e3o \u00e9 fortalecer a capacidade das cidades de se adaptarem \u00e0s mudan\u00e7as clim\u00e1ticas, ao mesmo tempo em que se promovem a\u00e7\u00f5es para mitigar os efeitos das emiss\u00f5es de gases de efeito estufa.<\/p>\n\n\n\n<p>A Companhia Municipal de Desenvolvimento de Petr\u00f3polis (Comdep) ter\u00e1 um papel fundamental nesse processo, atuando diretamente na coleta de res\u00edduos domiciliares e seletiva, na Educa\u00e7\u00e3o Ambiental e em outros projetos voltados para a sustentabilidade. &#8220;Nosso trabalho j\u00e1 contribui para a preserva\u00e7\u00e3o ambiental e a conscientiza\u00e7\u00e3o da popula\u00e7\u00e3o. Com a inclus\u00e3o de Petr\u00f3polis neste programa, poderemos ampliar nossas a\u00e7\u00f5es e fortalecer ainda mais a cidade no caminho da resili\u00eancia clim\u00e1tica&#8221;, destacou a presidente da Comdep, Fernanda Ferreira.<\/p>\n","protected":false},"excerpt":{"rendered":"<p>A Prefeitura de Petr\u00f3polis conquistou um novo marco ambiental ao ter a cidade selecionada para<\/p>\n","protected":false},"author":2,"featured_media":99887,"comment_status":"open","ping_status":"open","sticky":false,"template":"","format":"standard","meta":{"footnotes":""},"categories":[12],"tags":[],"class_list":["post-99886","post","type-post","status-publish","format-standard","has-post-thumbnail","hentry","category-cidade"],"_links":{"self":[{"href":"https:\/\/tvc16.com\/portal\/wp-json\/wp\/v2\/posts\/99886","targetHints":{"allow":["GET"]}}],"collection":[{"href":"https:\/\/tvc16.com\/portal\/wp-json\/wp\/v2\/posts"}],"about":[{"href":"https:\/\/tvc16.com\/portal\/wp-json\/wp\/v2\/types\/post"}],"author":[{"embeddable":true,"href":"https:\/\/tvc16.com\/portal\/wp-json\/wp\/v2\/users\/2"}],"replies":[{"embeddable":true,"href":"https:\/\/tvc16.com\/portal\/wp-json\/wp\/v2\/comments?post=99886"}],"version-history":[{"count":1,"href":"https:\/\/tvc16.com\/portal\/wp-json\/wp\/v2\/posts\/99886\/revisions"}],"predecessor-version":[{"id":99888,"href":"https:\/\/tvc16.com\/portal\/wp-json\/wp\/v2\/posts\/99886\/revisions\/99888"}],"wp:featuredmedia":[{"embeddable":true,"href":"https:\/\/tvc16.com\/portal\/wp-json\/wp\/v2\/media\/99887"}],"wp:attachment":[{"href":"https:\/\/tvc16.com\/portal\/wp-json\/wp\/v2\/media?parent=99886"}],"wp:term":[{"taxonomy":"category","embeddable":true,"href":"https:\/\/tvc16.com\/portal\/wp-json\/wp\/v2\/categories?post=99886"},{"taxonomy":"post_tag","embeddable":true,"href":"https:\/\/tvc16.com\/portal\/wp-json\/wp\/v2\/tags?post=99886"}],"curies":[{"name":"wp","href":"https:\/\/api.w.org\/{rel}","templated":true}]}}