{"id":99889,"date":"2025-03-01T16:10:12","date_gmt":"2025-03-01T19:10:12","guid":{"rendered":"https:\/\/tvc16.com\/portal\/?p=99889"},"modified":"2025-03-01T16:10:14","modified_gmt":"2025-03-01T19:10:14","slug":"prefeitura-revitaliza-e-faz-novas-demarcacoes-na-sinalizacao-de-transito-da-rua-paulo-herve","status":"publish","type":"post","link":"https:\/\/tvc16.com\/portal\/2025\/03\/01\/prefeitura-revitaliza-e-faz-novas-demarcacoes-na-sinalizacao-de-transito-da-rua-paulo-herve\/","title":{"rendered":"Prefeitura revitaliza e faz novas demarca\u00e7\u00f5es na sinaliza\u00e7\u00e3o de tr\u00e2nsito da Rua Paulo Herv\u00ea"},"content":{"rendered":"\n<p><em>A rua, que \u00e9 um dos principais acessos \u00e0 cidade de Petr\u00f3polis foi asfaltada em 2021, durante a gest\u00e3o interina.<\/em><\/p>\n\n\n\n<p>A Rua Dr. Paulo Herv\u00ea, que fica no Capela, na regi\u00e3o do Bingen, recebeu na madrugada desta quarta-feira (26) uma revitaliza\u00e7\u00e3o da sinaliza\u00e7\u00e3o horizontal, assim como novas demarca\u00e7\u00f5es para melhorar a fluidez no tr\u00e2nsito e garantir mais seguran\u00e7a aos motoristas que trafegam pela regi\u00e3o. O trabalho foi realizado pela equipe de sinaliza\u00e7\u00e3o da Companhia Petropolitana de Tr\u00e2nsito e Transportes.<\/p>\n\n\n\n<p>\u201cH\u00e1 quatro anos, n\u00f3s atendemos uma demanda n\u00e3o s\u00f3 dos moradores da regi\u00e3o, mas tamb\u00e9m de todo mundo que passa todos os dias pela rua Dr. Paulo Herv\u00ea. O asfalto novo melhorou a fluidez e agora, cumprindo uma das agendas da campanha, a gente recupera e melhora a sinaliza\u00e7\u00e3o vi\u00e1ria. A gente sabe que uma sinaliza\u00e7\u00e3o clara \u00e9 tecnicamente correta \u00e9 fundamental para dar mais seguran\u00e7a aos motoristas e aos pedestres\u201d, disse o prefeito Hingo Hammes.<\/p>\n\n\n\n<p>O trabalho foi realizado durante a madrugada, para n\u00e3o impactar negativamente no tr\u00e2nsito. Faixas duplas amarelas, as linhas duplas cont\u00ednuas foram revitalizadas. Elas sinalizam a proibi\u00e7\u00e3o de ultrapassagens no trecho, em ambos os sentidos das vias.<\/p>\n\n\n\n<p>\u201cAl\u00e9m disso, fizemos novas demarca\u00e7\u00f5es de vagas de estacionamento, pontos de \u00f4nibus. Esse \u00e9 um trabalho que a gente vem realizando diariamente em toda a cidade, buscando garantir um tr\u00e2nsito mais seguro. E a sinaliza\u00e7\u00e3o tem papel fundamental nesse processo\u201d, destacou o presidente da CPTrans, Luciano Moreira.<\/p>\n","protected":false},"excerpt":{"rendered":"<p>A rua, que \u00e9 um dos principais acessos \u00e0 cidade de Petr\u00f3polis foi asfaltada em<\/p>\n","protected":false},"author":2,"featured_media":99890,"comment_status":"open","ping_status":"open","sticky":false,"template":"","format":"standard","meta":{"footnotes":""},"categories":[12],"tags":[],"class_list":["post-99889","post","type-post","status-publish","format-standard","has-post-thumbnail","hentry","category-cidade"],"_links":{"self":[{"href":"https:\/\/tvc16.com\/portal\/wp-json\/wp\/v2\/posts\/99889","targetHints":{"allow":["GET"]}}],"collection":[{"href":"https:\/\/tvc16.com\/portal\/wp-json\/wp\/v2\/posts"}],"about":[{"href":"https:\/\/tvc16.com\/portal\/wp-json\/wp\/v2\/types\/post"}],"author":[{"embeddable":true,"href":"https:\/\/tvc16.com\/portal\/wp-json\/wp\/v2\/users\/2"}],"replies":[{"embeddable":true,"href":"https:\/\/tvc16.com\/portal\/wp-json\/wp\/v2\/comments?post=99889"}],"version-history":[{"count":1,"href":"https:\/\/tvc16.com\/portal\/wp-json\/wp\/v2\/posts\/99889\/revisions"}],"predecessor-version":[{"id":99891,"href":"https:\/\/tvc16.com\/portal\/wp-json\/wp\/v2\/posts\/99889\/revisions\/99891"}],"wp:featuredmedia":[{"embeddable":true,"href":"https:\/\/tvc16.com\/portal\/wp-json\/wp\/v2\/media\/99890"}],"wp:attachment":[{"href":"https:\/\/tvc16.com\/portal\/wp-json\/wp\/v2\/media?parent=99889"}],"wp:term":[{"taxonomy":"category","embeddable":true,"href":"https:\/\/tvc16.com\/portal\/wp-json\/wp\/v2\/categories?post=99889"},{"taxonomy":"post_tag","embeddable":true,"href":"https:\/\/tvc16.com\/portal\/wp-json\/wp\/v2\/tags?post=99889"}],"curies":[{"name":"wp","href":"https:\/\/api.w.org\/{rel}","templated":true}]}}