{"id":99892,"date":"2025-02-27T11:54:49","date_gmt":"2025-02-27T14:54:49","guid":{"rendered":"https:\/\/tvc16.com\/portal\/?p=99892"},"modified":"2025-02-27T12:01:35","modified_gmt":"2025-02-27T15:01:35","slug":"guarda-civil-detem-homem-com-transtorno-psiquiatrico-por-danos-a-veiculos-no-centro-de-petropolis","status":"publish","type":"post","link":"https:\/\/tvc16.com\/portal\/2025\/02\/27\/guarda-civil-detem-homem-com-transtorno-psiquiatrico-por-danos-a-veiculos-no-centro-de-petropolis\/","title":{"rendered":"Guarda Civil det\u00e9m homem com transtorno psiqui\u00e1trico por danos a ve\u00edculos no Centro de Petr\u00f3polis"},"content":{"rendered":"\n<p><em>Ap\u00f3s a ocorr\u00eancia, ele foi internado e recebe acompanhamento da Secretaria de Assist\u00eancia Social<\/em><\/p>\n\n\n\n<p>Um homem com transtorno psiqui\u00e1trico severo foi detido pela Guarda Civil Municipal de Petr\u00f3polis ap\u00f3s ser flagrado arranhando ve\u00edculos estacionados no Centro da cidade. A Secretaria de Servi\u00e7os, Seguran\u00e7a e Ordem P\u00fablica (SSOP) foi acionada por meio de den\u00fancias e mobilizou uma equipe para localizar o indiv\u00edduo, que foi encontrado em via p\u00fablica. Ap\u00f3s a abordagem, ele foi conduzido \u00e0 105\u00aa Delegacia de Pol\u00edcia, no Retiro, para registro da ocorr\u00eancia.<\/p>\n\n\n\n<p>Devido \u00e0 condi\u00e7\u00e3o do homem, agentes da Secretaria de Assist\u00eancia Social, Habita\u00e7\u00e3o e Regulariza\u00e7\u00e3o Fundi\u00e1ria acompanharam a opera\u00e7\u00e3o para garantir o encaminhamento adequado. Ap\u00f3s os procedimentos na delegacia, ele foi levado ao Hospital Municipal Dr. Nelson S\u00e1 Earp, onde permanece internado e recebe atendimento m\u00e9dico especializado.<\/p>\n\n\n\n<p>O secret\u00e1rio da SSOP, Marcelo Chit\u00e3o, ressaltou a import\u00e2ncia da participa\u00e7\u00e3o da popula\u00e7\u00e3o no acionamento das autoridades. &#8220;A colabora\u00e7\u00e3o dos cidad\u00e3os \u00e9 fundamental para manter a ordem p\u00fablica. Agradecemos pelas den\u00fancias que permitiram uma resposta r\u00e1pida e eficiente&#8221;, afirmou.<\/p>\n\n\n\n<p>A Prefeitura de Petr\u00f3polis refor\u00e7a que a popula\u00e7\u00e3o pode denunciar casos de perturba\u00e7\u00e3o da ordem p\u00fablica pelo telefone 153 da Guarda Civil, dispon\u00edvel 24 horas por dia, todos os dias da semana.<\/p>\n","protected":false},"excerpt":{"rendered":"<p>Ap\u00f3s a ocorr\u00eancia, ele foi internado e recebe acompanhamento da Secretaria de Assist\u00eancia Social Um<\/p>\n","protected":false},"author":2,"featured_media":99893,"comment_status":"open","ping_status":"open","sticky":false,"template":"","format":"standard","meta":{"footnotes":""},"categories":[12],"tags":[],"class_list":["post-99892","post","type-post","status-publish","format-standard","has-post-thumbnail","hentry","category-cidade"],"_links":{"self":[{"href":"https:\/\/tvc16.com\/portal\/wp-json\/wp\/v2\/posts\/99892","targetHints":{"allow":["GET"]}}],"collection":[{"href":"https:\/\/tvc16.com\/portal\/wp-json\/wp\/v2\/posts"}],"about":[{"href":"https:\/\/tvc16.com\/portal\/wp-json\/wp\/v2\/types\/post"}],"author":[{"embeddable":true,"href":"https:\/\/tvc16.com\/portal\/wp-json\/wp\/v2\/users\/2"}],"replies":[{"embeddable":true,"href":"https:\/\/tvc16.com\/portal\/wp-json\/wp\/v2\/comments?post=99892"}],"version-history":[{"count":1,"href":"https:\/\/tvc16.com\/portal\/wp-json\/wp\/v2\/posts\/99892\/revisions"}],"predecessor-version":[{"id":99894,"href":"https:\/\/tvc16.com\/portal\/wp-json\/wp\/v2\/posts\/99892\/revisions\/99894"}],"wp:featuredmedia":[{"embeddable":true,"href":"https:\/\/tvc16.com\/portal\/wp-json\/wp\/v2\/media\/99893"}],"wp:attachment":[{"href":"https:\/\/tvc16.com\/portal\/wp-json\/wp\/v2\/media?parent=99892"}],"wp:term":[{"taxonomy":"category","embeddable":true,"href":"https:\/\/tvc16.com\/portal\/wp-json\/wp\/v2\/categories?post=99892"},{"taxonomy":"post_tag","embeddable":true,"href":"https:\/\/tvc16.com\/portal\/wp-json\/wp\/v2\/tags?post=99892"}],"curies":[{"name":"wp","href":"https:\/\/api.w.org\/{rel}","templated":true}]}}