{"id":99895,"date":"2025-02-28T05:00:00","date_gmt":"2025-02-28T08:00:00","guid":{"rendered":"https:\/\/tvc16.com\/portal\/?p=99895"},"modified":"2025-02-27T11:59:01","modified_gmt":"2025-02-27T14:59:01","slug":"folia-imperial-2025-media-da-ocupacao-hoteleira-chega-a-8359-em-petropolis","status":"publish","type":"post","link":"https:\/\/tvc16.com\/portal\/2025\/02\/28\/folia-imperial-2025-media-da-ocupacao-hoteleira-chega-a-8359-em-petropolis\/","title":{"rendered":"Folia Imperial 2025: m\u00e9dia da ocupa\u00e7\u00e3o hoteleira chega a 83,59% em Petr\u00f3polis"},"content":{"rendered":"\n<p>Seja para descansar ou curtir a folia do Carnaval, Petr\u00f3polis \u00e9 um destino bastante procurado neste per\u00edodo do ano. De acordo com dados da Prefeitura, levantados pelo Disque Turismo, a ocupa\u00e7\u00e3o hoteleira para o feriad\u00e3o est\u00e1 com m\u00e9dia de 83,59% &#8211; entre os dias 01 a 04 de mar\u00e7o.<\/p>\n\n\n\n<p>\u201cEsses n\u00fameros mostram que Petr\u00f3polis \u00e9 um dos munic\u00edpios mais procurados do estado. E a cidade est\u00e1 preparada para receber os turistas neste primeiro feriad\u00e3o do ano. Temos programa\u00e7\u00e3o bem ampla de Carnaval e os nossos pontos tur\u00edsticos estar\u00e3o abertos, ou seja, temos divers\u00e3o para toda a fam\u00edlia\u201d, disse o prefeito Hingo Hammes.<\/p>\n\n\n\n<p>Conforme os dados do Disque Turismo, a ocupa\u00e7\u00e3o est\u00e1 maior nos hot\u00e9is dos distritos, chegando a 90,01% no per\u00edodo de 01 a 04 de mar\u00e7o. No Centro e arredores, a taxa m\u00e9dia de ocupa\u00e7\u00e3o \u00e9 de 77,16%.<\/p>\n\n\n\n<p>\u201cAcreditamos que esses n\u00fameros podem aumentar ainda mais, porque algumas pessoas acabam decidindo sua programa\u00e7\u00e3o em cima da hora. S\u00e3o dados importantes para o turismo e a economia da nossa cidade\u201d, comentou o secret\u00e1rio de Turismo, Pablo Kling.<\/p>\n\n\n\n<p>Para quem vai curtir a folia em Petr\u00f3polis, a programa\u00e7\u00e3o completa dos desfiles dos bloquinhos e outros eventos do Carnaval est\u00e1 dispon\u00edvel no site da Prefeitura (petropolis.rj.gov.br). Al\u00e9m dos festejos, os atrativos tur\u00edsticos estar\u00e3o funcionando durante os dias de folia. Nas redes sociais da Prefeitura e da Secretaria de Turismo (@petropolis_pmp \/ @turismo.petropolis) \u00e9 poss\u00edvel encontrar o funcionamento dos pontos tur\u00edsticos neste per\u00edodo.<\/p>\n","protected":false},"excerpt":{"rendered":"<p>Seja para descansar ou curtir a folia do Carnaval, Petr\u00f3polis \u00e9 um destino bastante procurado<\/p>\n","protected":false},"author":2,"featured_media":90540,"comment_status":"open","ping_status":"open","sticky":false,"template":"","format":"standard","meta":{"footnotes":""},"categories":[12],"tags":[],"class_list":["post-99895","post","type-post","status-publish","format-standard","has-post-thumbnail","hentry","category-cidade"],"_links":{"self":[{"href":"https:\/\/tvc16.com\/portal\/wp-json\/wp\/v2\/posts\/99895","targetHints":{"allow":["GET"]}}],"collection":[{"href":"https:\/\/tvc16.com\/portal\/wp-json\/wp\/v2\/posts"}],"about":[{"href":"https:\/\/tvc16.com\/portal\/wp-json\/wp\/v2\/types\/post"}],"author":[{"embeddable":true,"href":"https:\/\/tvc16.com\/portal\/wp-json\/wp\/v2\/users\/2"}],"replies":[{"embeddable":true,"href":"https:\/\/tvc16.com\/portal\/wp-json\/wp\/v2\/comments?post=99895"}],"version-history":[{"count":1,"href":"https:\/\/tvc16.com\/portal\/wp-json\/wp\/v2\/posts\/99895\/revisions"}],"predecessor-version":[{"id":99896,"href":"https:\/\/tvc16.com\/portal\/wp-json\/wp\/v2\/posts\/99895\/revisions\/99896"}],"wp:featuredmedia":[{"embeddable":true,"href":"https:\/\/tvc16.com\/portal\/wp-json\/wp\/v2\/media\/90540"}],"wp:attachment":[{"href":"https:\/\/tvc16.com\/portal\/wp-json\/wp\/v2\/media?parent=99895"}],"wp:term":[{"taxonomy":"category","embeddable":true,"href":"https:\/\/tvc16.com\/portal\/wp-json\/wp\/v2\/categories?post=99895"},{"taxonomy":"post_tag","embeddable":true,"href":"https:\/\/tvc16.com\/portal\/wp-json\/wp\/v2\/tags?post=99895"}],"curies":[{"name":"wp","href":"https:\/\/api.w.org\/{rel}","templated":true}]}}