{"id":99899,"date":"2025-02-27T12:04:50","date_gmt":"2025-02-27T15:04:50","guid":{"rendered":"https:\/\/tvc16.com\/portal\/?p=99899"},"modified":"2025-02-27T12:04:52","modified_gmt":"2025-02-27T15:04:52","slug":"taxa-de-desemprego-sobe-para-65-no-trimestre-encerrado-em-janeiro","status":"publish","type":"post","link":"https:\/\/tvc16.com\/portal\/2025\/02\/27\/taxa-de-desemprego-sobe-para-65-no-trimestre-encerrado-em-janeiro\/","title":{"rendered":"Taxa de desemprego sobe para 6,5% no trimestre encerrado em janeiro"},"content":{"rendered":"\n<p><em>Taxa est\u00e1 abaixo da observada no mesmo per\u00edodo do ano passado<\/em><\/p>\n\n\n\n<p>Por Vitor Abdala &#8211; Rep\u00f3rter da Ag\u00eancia Brasil\u00a0\/ Foto: Marcello Casal JrAg\u00eancia Brasil<\/p>\n\n\n\n<p><\/p>\n\n\n\n<p>A taxa de desocupa\u00e7\u00e3o ficou em 6,5% no trimestre encerrado em janeiro deste ano, portanto acima dos 6,2% apurados no trimestre anterior (encerrado em outubro de 2024). Os dados s\u00e3o da Pesquisa Nacional pro Amostra de Domic\u00edlios (Pnad) Cont\u00ednua, divulgada nesta quinta-feira (27), pelo Instituto Brasileiro de Geografia e Estat\u00edstica (IBGE).<img decoding=\"async\" src=\"https:\/\/agenciabrasil.ebc.com.br\/ebc.png?id=1632081&amp;o=node\"><img decoding=\"async\" src=\"https:\/\/agenciabrasil.ebc.com.br\/ebc.gif?id=1632081&amp;o=node\"><\/p>\n\n\n\n<p><strong>Esta \u00e9 a segunda alta consecutiva do indicador, depois de registrar o menor patamar da s\u00e9rie hist\u00f3rica (iniciada em 2012), no trimestre encerrado novembro do ano passado (9,1%).<\/strong><\/p>\n\n\n\n<p>Mesmo com a alta na compara\u00e7\u00e3o trimestral, a taxa de desemprego est\u00e1 abaixo da observada no trimestre encerrado em janeiro de 2024 (7,4%), de acordo com o IBGE.<\/p>\n\n\n\n<p><strong>A popula\u00e7\u00e3o desocupada ficou em 7,2 milh\u00f5es no trimestre encerrado em janeiro deste ano, ou seja, uma alta de 5,3% (mais 400 mil pessoas) em rela\u00e7\u00e3o ao trimestre anterior.<\/strong>&nbsp;Na compara\u00e7\u00e3o anual, ou seja, na compara\u00e7\u00e3o com o trimestre encerrado em janeiro do ano passado, houve uma queda de 13,1% (menos 1,1 milh\u00e3o de pessoas).<\/p>\n\n\n\n<p><strong>A popula\u00e7\u00e3o ocupada (103 milh\u00f5es) ficou 0,6% abaixo da observada no trimestre anterior (menos 641 mil pessoas) e 2,4% acima da apurada em janeiro de 2024 (mais 2,4 milh\u00f5es de pessoas).<\/strong><\/p>\n\n\n\n<p>O rendimento real habitual&nbsp;de todos os trabalhos (R$ 3.343) cresceu 1,4% no trimestre e 3,7% no ano. A massa de rendimento real habitual&nbsp;(R$ 339,5 bilh\u00f5es) ficou est\u00e1vel no trimestre e aumentou 6,2% (mais R$ 19,9 bilh\u00f5es) no ano.<br><\/p>\n","protected":false},"excerpt":{"rendered":"<p>Taxa est\u00e1 abaixo da observada no mesmo per\u00edodo do ano passado Por Vitor Abdala &#8211;<\/p>\n","protected":false},"author":2,"featured_media":99900,"comment_status":"open","ping_status":"open","sticky":false,"template":"","format":"standard","meta":{"footnotes":""},"categories":[17],"tags":[],"class_list":["post-99899","post","type-post","status-publish","format-standard","has-post-thumbnail","hentry","category-outras-noticias"],"_links":{"self":[{"href":"https:\/\/tvc16.com\/portal\/wp-json\/wp\/v2\/posts\/99899","targetHints":{"allow":["GET"]}}],"collection":[{"href":"https:\/\/tvc16.com\/portal\/wp-json\/wp\/v2\/posts"}],"about":[{"href":"https:\/\/tvc16.com\/portal\/wp-json\/wp\/v2\/types\/post"}],"author":[{"embeddable":true,"href":"https:\/\/tvc16.com\/portal\/wp-json\/wp\/v2\/users\/2"}],"replies":[{"embeddable":true,"href":"https:\/\/tvc16.com\/portal\/wp-json\/wp\/v2\/comments?post=99899"}],"version-history":[{"count":1,"href":"https:\/\/tvc16.com\/portal\/wp-json\/wp\/v2\/posts\/99899\/revisions"}],"predecessor-version":[{"id":99901,"href":"https:\/\/tvc16.com\/portal\/wp-json\/wp\/v2\/posts\/99899\/revisions\/99901"}],"wp:featuredmedia":[{"embeddable":true,"href":"https:\/\/tvc16.com\/portal\/wp-json\/wp\/v2\/media\/99900"}],"wp:attachment":[{"href":"https:\/\/tvc16.com\/portal\/wp-json\/wp\/v2\/media?parent=99899"}],"wp:term":[{"taxonomy":"category","embeddable":true,"href":"https:\/\/tvc16.com\/portal\/wp-json\/wp\/v2\/categories?post=99899"},{"taxonomy":"post_tag","embeddable":true,"href":"https:\/\/tvc16.com\/portal\/wp-json\/wp\/v2\/tags?post=99899"}],"curies":[{"name":"wp","href":"https:\/\/api.w.org\/{rel}","templated":true}]}}