{"id":9990,"date":"2021-01-29T23:05:32","date_gmt":"2021-01-30T02:05:32","guid":{"rendered":"https:\/\/tvc16.com\/portal\/?p=9990"},"modified":"2021-01-29T23:05:34","modified_gmt":"2021-01-30T02:05:34","slug":"em-petropolis-aulas-remotas-retornam-em-8-de-fevereiro-e-presencial-esta-prevista-para-5-de-abril","status":"publish","type":"post","link":"https:\/\/tvc16.com\/portal\/2021\/01\/29\/em-petropolis-aulas-remotas-retornam-em-8-de-fevereiro-e-presencial-esta-prevista-para-5-de-abril\/","title":{"rendered":"Em Petr\u00f3polis, aulas remotas retornam em 8 de fevereiro e presencial est\u00e1 prevista para 5 de abril"},"content":{"rendered":"\n<p>O governo municipal, com as secretarias de Sa\u00fade e Educa\u00e7\u00e3o, e em conjunto com a C\u00e2mara de Vereadores, o Sindicato dos Professores de Petr\u00f3polis e Regi\u00e3o (Sinpro), o Sindicato Estadual dos Profissionais da Educa\u00e7\u00e3o do Rio de Janeiro (Sepe &#8211; N\u00facleo Petr\u00f3polis) e representantes de escolas particulares e da Uni\u00e3o Estadual de Estudantes Secundaristas (UEES-RJ), definiu na manh\u00e3 desta sexta-feira (29) detalhes da retomada das aulas em escolas p\u00fablicas, particulares e universidades de Petr\u00f3polis. Em reuni\u00e3o pela manh\u00e3 foi confirmado que o calend\u00e1rio escolar ser\u00e1 iniciado no dia 3 de fevereiro, para acolhimento, com aulas remotas a partir do dia 8 de fevereiro. As aulas presenciais, com ensino h\u00edbrido, ser\u00e3o retomadas gradualmente em 5 de abril.<\/p>\n\n\n\n<p>A retomada das aulas presenciais dever\u00e1 seguir o que prev\u00ea o plano de retorno das aulas, elaborado por um grupo de trabalho com a participa\u00e7\u00e3o de diferentes setores do segmento em 2020. O documento ser\u00e1 revisado e atualizado, levando em conta as novas informa\u00e7\u00f5es relacionadas \u00e0 pandemia. \u201cMuitos estudos avan\u00e7aram desde a finaliza\u00e7\u00e3o do documento. \u00c9 preciso que o grupo de trabalho avalie este documento, adequando-o ao momento atual\u201d, frisou o prefeito interino Hingo Hammes, acrescentando que a tarefa ser\u00e1 dos integrantes do grupo de trabalho.<\/p>\n\n\n\n<p><\/p>\n\n\n\n<figure class=\"wp-block-image size-large\"><img loading=\"lazy\" decoding=\"async\" width=\"1024\" height=\"682\" src=\"https:\/\/tvc16.com\/portal\/wp-content\/uploads\/2021\/01\/IMG-20210129-WA0109-1024x682.jpg\" alt=\"\" class=\"wp-image-9991\" srcset=\"https:\/\/tvc16.com\/portal\/wp-content\/uploads\/2021\/01\/IMG-20210129-WA0109-1024x682.jpg 1024w, https:\/\/tvc16.com\/portal\/wp-content\/uploads\/2021\/01\/IMG-20210129-WA0109-300x200.jpg 300w, https:\/\/tvc16.com\/portal\/wp-content\/uploads\/2021\/01\/IMG-20210129-WA0109-768x512.jpg 768w, https:\/\/tvc16.com\/portal\/wp-content\/uploads\/2021\/01\/IMG-20210129-WA0109-900x600.jpg 900w, https:\/\/tvc16.com\/portal\/wp-content\/uploads\/2021\/01\/IMG-20210129-WA0109.jpg 1280w\" sizes=\"auto, (max-width: 1024px) 100vw, 1024px\" \/><\/figure>\n\n\n\n<p>\u201cNossa aten\u00e7\u00e3o est\u00e1 voltada para a sa\u00fade dos alunos, seus familiares, professores e demais funcion\u00e1rios. Muitos est\u00e3o enfrentando transtornos psicol\u00f3gicos e tamb\u00e9m sociais. A escola \u00e9 um ambiente de aprendizado, mas tamb\u00e9m de cuidado em outros aspectos. N\u00e3o podemos ignorar isso\u201d, afirmou Hammes.<\/p>\n\n\n\n<p>Escola Segura<\/p>\n\n\n\n<p>O governo municipal anunciou durante a reuni\u00e3o a cria\u00e7\u00e3o de um selo, o Escola Segura, certificando as unidades de ensino prontas para atender exig\u00eancias para a reabertura das salas de aula. A ideia segue modelo do Selo Academia Segura, proposto por Hingo Hammes na C\u00e2mara Municipal, antes da autoriza\u00e7\u00e3o para a retomada das atividades das academias.<\/p>\n\n\n\n<p>\u201cO selo vai garantir que aquela unidade de ensino foi vistoriada e est\u00e1 pronta para atender as determina\u00e7\u00f5es para garantir a seguran\u00e7a de alunos, professores e demais funcion\u00e1rios\u201d, explicou o prefeito interino.<\/p>\n\n\n\n<p><\/p>\n\n\n\n<figure class=\"wp-block-image size-large\"><img loading=\"lazy\" decoding=\"async\" width=\"1024\" height=\"633\" src=\"https:\/\/tvc16.com\/portal\/wp-content\/uploads\/2021\/01\/IMG-20210129-WA0112-1024x633.jpg\" alt=\"\" class=\"wp-image-9992\" srcset=\"https:\/\/tvc16.com\/portal\/wp-content\/uploads\/2021\/01\/IMG-20210129-WA0112-1024x633.jpg 1024w, https:\/\/tvc16.com\/portal\/wp-content\/uploads\/2021\/01\/IMG-20210129-WA0112-300x185.jpg 300w, https:\/\/tvc16.com\/portal\/wp-content\/uploads\/2021\/01\/IMG-20210129-WA0112-768x475.jpg 768w, https:\/\/tvc16.com\/portal\/wp-content\/uploads\/2021\/01\/IMG-20210129-WA0112.jpg 1280w\" sizes=\"auto, (max-width: 1024px) 100vw, 1024px\" \/><\/figure>\n\n\n\n<p>Reuni\u00e3o<\/p>\n\n\n\n<p>A reuni\u00e3o realizada nesta sexta-feira serviu para a discuss\u00e3o dos \u00faltimos pontos do decreto. \u201cO di\u00e1logo \u00e9 sempre o melhor caminho. Petr\u00f3polis tem um plano de retomada detalhado. Est\u00e1 muito \u00e0 frente de outros munic\u00edpios da regi\u00e3o\u201d, afirmou a representante do Sepe, Rose Silveira, ao lado de Daniel Salom\u00e3o, que tamb\u00e9m representava o sindicato.<\/p>\n\n\n\n<p>A secret\u00e1ria de Educa\u00e7\u00e3o, M\u00e1rcia Palma, anunciou que a Plataforma Educa em Casa, utilizada por alunos da rede municipal de Educa\u00e7\u00e3o, foi remodelada, e os alunos que n\u00e3o t\u00eam acesso \u00e0 internet receber\u00e3o, como em 2020, o material impresso. \u201cVamos iniciar o ano letivo com uma plataforma totalmente remodelada. As turmas receber\u00e3o material formulado pelo seu professor, acabando com a oferta de um \u00fanico material para todos\u201d, garantiu.<\/p>\n\n\n\n<p><\/p>\n\n\n\n<figure class=\"wp-block-image size-large\"><img loading=\"lazy\" decoding=\"async\" width=\"1024\" height=\"768\" src=\"https:\/\/tvc16.com\/portal\/wp-content\/uploads\/2021\/01\/IMG-20210129-WA0113-1024x768.jpg\" alt=\"\" class=\"wp-image-9993\" srcset=\"https:\/\/tvc16.com\/portal\/wp-content\/uploads\/2021\/01\/IMG-20210129-WA0113-1024x768.jpg 1024w, https:\/\/tvc16.com\/portal\/wp-content\/uploads\/2021\/01\/IMG-20210129-WA0113-300x225.jpg 300w, https:\/\/tvc16.com\/portal\/wp-content\/uploads\/2021\/01\/IMG-20210129-WA0113-768x576.jpg 768w, https:\/\/tvc16.com\/portal\/wp-content\/uploads\/2021\/01\/IMG-20210129-WA0113-200x150.jpg 200w, https:\/\/tvc16.com\/portal\/wp-content\/uploads\/2021\/01\/IMG-20210129-WA0113.jpg 1280w\" sizes=\"auto, (max-width: 1024px) 100vw, 1024px\" \/><\/figure>\n\n\n\n<p>A reuni\u00e3o tamb\u00e9m contou com a presen\u00e7a do secret\u00e1rio municipal de Sa\u00fade, Aloisio Barbosa da Silva Filho, do vereador Yuri Moura, da vereadora Gilda Beatriz e de assessor do vereador Ot\u00e1vio Sampaio.<\/p>\n","protected":false},"excerpt":{"rendered":"<p>O governo municipal, com as secretarias de Sa\u00fade e Educa\u00e7\u00e3o, e em conjunto com a<\/p>\n","protected":false},"author":2,"featured_media":9994,"comment_status":"open","ping_status":"open","sticky":false,"template":"","format":"standard","meta":{"footnotes":""},"categories":[12],"tags":[],"class_list":["post-9990","post","type-post","status-publish","format-standard","has-post-thumbnail","hentry","category-cidade"],"_links":{"self":[{"href":"https:\/\/tvc16.com\/portal\/wp-json\/wp\/v2\/posts\/9990","targetHints":{"allow":["GET"]}}],"collection":[{"href":"https:\/\/tvc16.com\/portal\/wp-json\/wp\/v2\/posts"}],"about":[{"href":"https:\/\/tvc16.com\/portal\/wp-json\/wp\/v2\/types\/post"}],"author":[{"embeddable":true,"href":"https:\/\/tvc16.com\/portal\/wp-json\/wp\/v2\/users\/2"}],"replies":[{"embeddable":true,"href":"https:\/\/tvc16.com\/portal\/wp-json\/wp\/v2\/comments?post=9990"}],"version-history":[{"count":1,"href":"https:\/\/tvc16.com\/portal\/wp-json\/wp\/v2\/posts\/9990\/revisions"}],"predecessor-version":[{"id":9995,"href":"https:\/\/tvc16.com\/portal\/wp-json\/wp\/v2\/posts\/9990\/revisions\/9995"}],"wp:featuredmedia":[{"embeddable":true,"href":"https:\/\/tvc16.com\/portal\/wp-json\/wp\/v2\/media\/9994"}],"wp:attachment":[{"href":"https:\/\/tvc16.com\/portal\/wp-json\/wp\/v2\/media?parent=9990"}],"wp:term":[{"taxonomy":"category","embeddable":true,"href":"https:\/\/tvc16.com\/portal\/wp-json\/wp\/v2\/categories?post=9990"},{"taxonomy":"post_tag","embeddable":true,"href":"https:\/\/tvc16.com\/portal\/wp-json\/wp\/v2\/tags?post=9990"}],"curies":[{"name":"wp","href":"https:\/\/api.w.org\/{rel}","templated":true}]}}