{"id":99902,"date":"2025-02-27T15:25:25","date_gmt":"2025-02-27T18:25:25","guid":{"rendered":"https:\/\/tvc16.com\/portal\/?p=99902"},"modified":"2025-02-27T15:25:27","modified_gmt":"2025-02-27T18:25:27","slug":"o-carnaval-da-gente-prefeitura-de-teresopolis-realiza-reuniao-com-musicos-para-alinhar-detalhes-do-evento","status":"publish","type":"post","link":"https:\/\/tvc16.com\/portal\/2025\/02\/27\/o-carnaval-da-gente-prefeitura-de-teresopolis-realiza-reuniao-com-musicos-para-alinhar-detalhes-do-evento\/","title":{"rendered":"\u2018O Carnaval da Gente\u2019: Prefeitura de Teres\u00f3polis realiza reuni\u00e3o com m\u00fasicos para alinhar detalhes do evento"},"content":{"rendered":"\n<p>Na \u00faltima ter\u00e7a-feira(25), a Prefeitura de Teres\u00f3polis, junto com a Secretaria de Turismo, promoveu uma reuni\u00e3o no Teatro Municipal com todos os m\u00fasicos que ir\u00e3o se apresentar no Carnaval deste ano. O encontro teve como principal objetivo alinhar a programa\u00e7\u00e3o, tratar das quest\u00f5es t\u00e9cnicas e, principalmente, ouvir os artistas para garantir que o evento seja bem organizado e satisfat\u00f3rio para todas as partes envolvidas. \u00a0<\/p>\n\n\n\n<p>A festa promete agradar a todos os gostos, com uma programa\u00e7\u00e3o musical diversificada que inclui sertanejo, pagode, samba e outros estilos, al\u00e9m da presen\u00e7a de DJs animando os dias de folia. A Prefeitura fez quest\u00e3o de acompanhar de perto cada etapa do planejamento, refor\u00e7ando seu compromisso em trabalhar de forma conjunta com os m\u00fasicos para a realiza\u00e7\u00e3o de um Carnaval estruturado e de grande sucesso. &nbsp;<\/p>\n\n\n\n<p>A programa\u00e7\u00e3o completa do Carnaval j\u00e1 est\u00e1 dispon\u00edvel nas redes sociais da Prefeitura de Teres\u00f3polis. A popula\u00e7\u00e3o e os visitantes j\u00e1 podem conferir todas as atra\u00e7\u00f5es e se programar para curtir \u2018O Carnaval da Gente\u2019, que come\u00e7a no pr\u00f3ximo s\u00e1bado (01). \u00a0<\/p>\n\n\n\n<p>Foto: Jonathan Martins<\/p>\n","protected":false},"excerpt":{"rendered":"<p>Na \u00faltima ter\u00e7a-feira(25), a Prefeitura de Teres\u00f3polis, junto com a Secretaria de Turismo, promoveu uma<\/p>\n","protected":false},"author":2,"featured_media":99903,"comment_status":"open","ping_status":"open","sticky":false,"template":"","format":"standard","meta":{"footnotes":""},"categories":[17],"tags":[],"class_list":["post-99902","post","type-post","status-publish","format-standard","has-post-thumbnail","hentry","category-outras-noticias"],"_links":{"self":[{"href":"https:\/\/tvc16.com\/portal\/wp-json\/wp\/v2\/posts\/99902","targetHints":{"allow":["GET"]}}],"collection":[{"href":"https:\/\/tvc16.com\/portal\/wp-json\/wp\/v2\/posts"}],"about":[{"href":"https:\/\/tvc16.com\/portal\/wp-json\/wp\/v2\/types\/post"}],"author":[{"embeddable":true,"href":"https:\/\/tvc16.com\/portal\/wp-json\/wp\/v2\/users\/2"}],"replies":[{"embeddable":true,"href":"https:\/\/tvc16.com\/portal\/wp-json\/wp\/v2\/comments?post=99902"}],"version-history":[{"count":1,"href":"https:\/\/tvc16.com\/portal\/wp-json\/wp\/v2\/posts\/99902\/revisions"}],"predecessor-version":[{"id":99904,"href":"https:\/\/tvc16.com\/portal\/wp-json\/wp\/v2\/posts\/99902\/revisions\/99904"}],"wp:featuredmedia":[{"embeddable":true,"href":"https:\/\/tvc16.com\/portal\/wp-json\/wp\/v2\/media\/99903"}],"wp:attachment":[{"href":"https:\/\/tvc16.com\/portal\/wp-json\/wp\/v2\/media?parent=99902"}],"wp:term":[{"taxonomy":"category","embeddable":true,"href":"https:\/\/tvc16.com\/portal\/wp-json\/wp\/v2\/categories?post=99902"},{"taxonomy":"post_tag","embeddable":true,"href":"https:\/\/tvc16.com\/portal\/wp-json\/wp\/v2\/tags?post=99902"}],"curies":[{"name":"wp","href":"https:\/\/api.w.org\/{rel}","templated":true}]}}