{"id":99905,"date":"2025-02-27T15:28:45","date_gmt":"2025-02-27T18:28:45","guid":{"rendered":"https:\/\/tvc16.com\/portal\/?p=99905"},"modified":"2025-02-27T15:28:47","modified_gmt":"2025-02-27T18:28:47","slug":"cabos-do-teleferico-do-alemao-comecam-a-ser-preparados-para-envio-ao-brasil","status":"publish","type":"post","link":"https:\/\/tvc16.com\/portal\/2025\/02\/27\/cabos-do-teleferico-do-alemao-comecam-a-ser-preparados-para-envio-ao-brasil\/","title":{"rendered":"Cabos do Telef\u00e9rico do Alem\u00e3o come\u00e7am a ser preparados para envio ao Brasil"},"content":{"rendered":"\n<p>O Governo do Estado avan\u00e7a na recupera\u00e7\u00e3o do Telef\u00e9rico do Alem\u00e3o, acompanhando de perto os preparativos para o embarque de 78 toneladas de cabos de a\u00e7o, que ser\u00e3o enviados da Europa para o Brasil. O equipamento \u00e9 fundamental para a reativa\u00e7\u00e3o do sistema, parado desde 2016. Uma equipe de engenheiros da Secretaria de Infraestrutura e Obras P\u00fablicas (SEIOP) est\u00e1 visitando as f\u00e1bricas da POMA, multinacional que det\u00e9m a exclusividade no fornecimento do equipamento, para acompanhar a finaliza\u00e7\u00e3o do processo de fabrica\u00e7\u00e3o e dar o aceite nos cabos e componentes do sistema eletromec\u00e2nico.<\/p>\n\n\n\n<p>As bobinas, com mais de 7,5 km de cabos de a\u00e7o, ser\u00e3o transportadas em caminh\u00f5es da Su\u00ed\u00e7a at\u00e9 o porto da B\u00e9lgica. De l\u00e1, v\u00eam de navio para o Brasil, com previs\u00e3o de chegada ao Rio de Janeiro em mar\u00e7o.&nbsp;<\/p>\n\n\n\n<p>&nbsp;&#8211; O Telef\u00e9rico do Alem\u00e3o \u00e9 um compromisso que assumi com a popula\u00e7\u00e3o. A chegada dos cabos e outros equipamentos, que s\u00e3o fundamentais para o restabelecimento do sistema, \u00e9 uma vit\u00f3ria. N\u00e3o estamos poupando esfor\u00e7os e investimentos nessa obra, que vai trazer mais mobilidade e qualidade de vida para as comunidades locais, beneficiando os moradores \u2013 ressalta o governador Claudio Castro.<\/p>\n\n\n\n<p>Os equipamentos comprados pelo Governo do Estado, por meio de Carta de Cr\u00e9dito Internacional, est\u00e3o sendo produzidos em cinco f\u00e1bricas. Foram investidos R$ 105 milh\u00f5es na aquisi\u00e7\u00e3o dos cabos de a\u00e7o e componentes para a reabilita\u00e7\u00e3o do sistema de transporte p\u00fablico.&nbsp;<\/p>\n\n\n\n<p>&#8211;&nbsp; A chegada dos cabos marca um passo importante no cronograma da obra para que o Telef\u00e9rico do Alem\u00e3o volte a operar com seguran\u00e7a e efici\u00eancia. Estamos avan\u00e7ando nas obras para devolver aos moradores do Complexo do Alem\u00e3o esse importante equipamento social. As obras geram empregos na regi\u00e3o, com impacto na economia local &#8211; destaca Uruan.&nbsp;<\/p>\n\n\n\n<p>Al\u00e9m de acompanhar a prepara\u00e7\u00e3o para o envio dos cabos, os t\u00e9cnicos da Secretaria de Infraestrutura e Obras P\u00fablicas tamb\u00e9m visitaram as instala\u00e7\u00f5es de fabrica\u00e7\u00e3o das cabines, pain\u00e9is el\u00e9tricos e sistemas de controle da POMA.<\/p>\n\n\n\n<p><strong>Volta do sistema vai beneficiar cerca de 10 mil moradores do Complexo do Alem\u00e3o<\/strong><\/p>\n\n\n\n<p>Mais de 85% das obras de recupera\u00e7\u00e3o das seis esta\u00e7\u00f5es do telef\u00e9rico j\u00e1 foram executadas, com melhorias nas instala\u00e7\u00f5es hidr\u00e1ulicas e sanit\u00e1rias, sistemas el\u00e9tricos, de ilumina\u00e7\u00e3o e ar-condicionado, revestimentos e acabamentos. Inaugurado em 2011, o Telef\u00e9rico do Alem\u00e3o parou de funcionar em 2016.<\/p>\n\n\n\n<p>A reativa\u00e7\u00e3o do sistema vai beneficiar cerca de 10 mil moradores do Complexo do Alem\u00e3o, oferecendo um transporte seguro e \u00e1gil entre as comunidades. O telef\u00e9rico, que conta com 152 g\u00f4ndolas e um percurso total de 3,5 quil\u00f4metros, tamb\u00e9m permitir\u00e1 a retomada dos servi\u00e7os sociais que funcionavam nas esta\u00e7\u00f5es, como cl\u00ednicas da fam\u00edlia e bibliotecas.<\/p>\n\n\n\n<p><strong>Sobre a POMA<\/strong><\/p>\n\n\n\n<p>A empresa francesa POMA foi a respons\u00e1vel pela implanta\u00e7\u00e3o do Telef\u00e9rico do Alem\u00e3o e \u00e9 considerada a detentora exclusiva da tecnologia j\u00e1 implantada no equipamento p\u00fablico. Ela tem como refer\u00eancia cerca de 8.000 instala\u00e7\u00f5es de telef\u00e9ricos em todo o mundo desde 1936, ano de sua cria\u00e7\u00e3o, em mais de 90 pa\u00edses.<\/p>\n\n\n\n<p>A POMA est\u00e1 presente na Am\u00e9rica Latina h\u00e1 mais de 50 anos, operando na Argentina, Chile, Bol\u00edvia, Peru, Equador, Col\u00f4mbia e Rep\u00fablica Dominicana com sistemas de transporte por cabo para turismo e transporte coletivo urbano.<\/p>\n\n\n\n<p>Foto: divulga\u00e7\u00e3o <\/p>\n","protected":false},"excerpt":{"rendered":"<p>O Governo do Estado avan\u00e7a na recupera\u00e7\u00e3o do Telef\u00e9rico do Alem\u00e3o, acompanhando de perto os<\/p>\n","protected":false},"author":2,"featured_media":99906,"comment_status":"open","ping_status":"open","sticky":false,"template":"","format":"standard","meta":{"footnotes":""},"categories":[17],"tags":[],"class_list":["post-99905","post","type-post","status-publish","format-standard","has-post-thumbnail","hentry","category-outras-noticias"],"_links":{"self":[{"href":"https:\/\/tvc16.com\/portal\/wp-json\/wp\/v2\/posts\/99905","targetHints":{"allow":["GET"]}}],"collection":[{"href":"https:\/\/tvc16.com\/portal\/wp-json\/wp\/v2\/posts"}],"about":[{"href":"https:\/\/tvc16.com\/portal\/wp-json\/wp\/v2\/types\/post"}],"author":[{"embeddable":true,"href":"https:\/\/tvc16.com\/portal\/wp-json\/wp\/v2\/users\/2"}],"replies":[{"embeddable":true,"href":"https:\/\/tvc16.com\/portal\/wp-json\/wp\/v2\/comments?post=99905"}],"version-history":[{"count":1,"href":"https:\/\/tvc16.com\/portal\/wp-json\/wp\/v2\/posts\/99905\/revisions"}],"predecessor-version":[{"id":99907,"href":"https:\/\/tvc16.com\/portal\/wp-json\/wp\/v2\/posts\/99905\/revisions\/99907"}],"wp:featuredmedia":[{"embeddable":true,"href":"https:\/\/tvc16.com\/portal\/wp-json\/wp\/v2\/media\/99906"}],"wp:attachment":[{"href":"https:\/\/tvc16.com\/portal\/wp-json\/wp\/v2\/media?parent=99905"}],"wp:term":[{"taxonomy":"category","embeddable":true,"href":"https:\/\/tvc16.com\/portal\/wp-json\/wp\/v2\/categories?post=99905"},{"taxonomy":"post_tag","embeddable":true,"href":"https:\/\/tvc16.com\/portal\/wp-json\/wp\/v2\/tags?post=99905"}],"curies":[{"name":"wp","href":"https:\/\/api.w.org\/{rel}","templated":true}]}}