{"id":99911,"date":"2025-02-28T05:00:00","date_gmt":"2025-02-28T08:00:00","guid":{"rendered":"https:\/\/tvc16.com\/portal\/?p=99911"},"modified":"2025-02-27T16:45:41","modified_gmt":"2025-02-27T19:45:41","slug":"carnaval-deguste-folia-apresenta-10-shows-na-praca-da-aguia","status":"publish","type":"post","link":"https:\/\/tvc16.com\/portal\/2025\/02\/28\/carnaval-deguste-folia-apresenta-10-shows-na-praca-da-aguia\/","title":{"rendered":"Carnaval: Deguste Folia apresenta 10 shows na Pra\u00e7a da \u00c1guia"},"content":{"rendered":"\n<p>A Deguste Folia continua neste final de semana, de 28 de fevereiro at\u00e9 04 de mar\u00e7o, na Pra\u00e7a da \u00c1guia. Ser\u00e3o 10 shows especiais, gastronomia, recrea\u00e7\u00e3o e as novidades das cervejarias artesanais. O evento, que faz parte da programa\u00e7\u00e3o da Folia Imperial 2025, contar\u00e1 com apresenta\u00e7\u00f5es como da Escola de Samba Mangueira, Samba de M\u00e3os Dadas e Puro Pecado.<\/p>\n\n\n\n<p>&#8220;Recebemos o Cord\u00e3o do Bola Preta no \u00faltimo final de semana que lotou a Pra\u00e7a e agora teremos o prazer de ter o samba da Mangueira na nossa Deguste. N\u00e3o percam!&#8221;, afirma Rodrigo Duarte, idealizador da Deguste.<\/p>\n\n\n\n<p>Confira a programa\u00e7\u00e3o da 2\u00aa semana:<\/p>\n\n\n\n<p><strong>Sexta-feira (28\/02)<\/strong><\/p>\n\n\n\n<p>18h &#8211; Samba de M\u00e3o Dadas<\/p>\n\n\n\n<p>20h &#8211; Escola de Samba Mangueira<\/p>\n\n\n\n<p><strong>S\u00e1bado (01\/03)<\/strong><\/p>\n\n\n\n<p>15h &#8211; Larissa Viana<\/p>\n\n\n\n<p>20h &#8211; Puro Pecado<\/p>\n\n\n\n<p><strong>Domingo (02\/03)<\/strong><\/p>\n\n\n\n<p>15h &#8211; Priscila Gouv\u00eaa<\/p>\n\n\n\n<p>20h &#8211; Baile do Zen<\/p>\n\n\n\n<p><strong>Segunda (03\/03)<\/strong><\/p>\n\n\n\n<p>15h &#8211; Hugo Rocha<\/p>\n\n\n\n<p>20h &#8211; Pedro Ribeiro<\/p>\n\n\n\n<p><strong>Ter\u00e7a-feira (04\/03)<\/strong><\/p>\n\n\n\n<p>15h &#8211; Puro Pecado<\/p>\n\n\n\n<p>20h &#8211; Jonatan Francisco<\/p>\n\n\n\n<p><strong>Campanha: viol\u00eancia contra a mulher \u00e9 crime!<\/strong><\/p>\n\n\n\n<p>A Deguste tamb\u00e9m est\u00e1 realizando, nesta edi\u00e7\u00e3o, a campanha \u201cViol\u00eancia contra a mulher \u00e9 crime!\u201d, com a mensagem: \u201cEste evento presta aux\u00edlio \u00e0 mulher que se sinta em situa\u00e7\u00e3o de risco. Procure a produ\u00e7\u00e3o\u201d. E ainda divulga: Ligue 180.<\/p>\n\n\n\n<p>\u201cQueremos que todas as mulheres curtam o carnaval na certeza de que est\u00e3o em um ambiente seguro e com todo apoio que elas precisam\u201d, explica Gabrielle Rosendo.<\/p>\n\n\n\n<p><strong>Espa\u00e7o de acolhimento<\/strong><\/p>\n\n\n\n<p>A Deguste tamb\u00e9m lan\u00e7a no pr\u00f3ximo final de semana, em parceria com a INcluir Petr\u00f3polis, um stand dedicado ao apoio e \u00e0 inclus\u00e3o produtiva de fam\u00edlias at\u00edpicas. O espa\u00e7o ser\u00e1 uma oportunidade especial para que essas fam\u00edlias possam apresentar e oferecer seus produtos artesanais, destacando o valor do seu trabalho e promovendo sua autonomia.<\/p>\n\n\n\n<p>Al\u00e9m disso, o stand ter\u00e1 um papel essencial na divulga\u00e7\u00e3o da import\u00e2ncia da inclus\u00e3o na sociedade, incentivando a conscientiza\u00e7\u00e3o e o reconhecimento do papel fundamental das fam\u00edlias at\u00edpicas.<\/p>\n\n\n\n<p>A iniciativa faz parte do &#8220;Programa INcluir Petr\u00f3polis \u2013 Fam\u00edlia At\u00edpica&#8221; e \u00e9 voltada para as fam\u00edlias cadastradas no Projeto INcluir, refor\u00e7ando o compromisso com a equidade e a valoriza\u00e7\u00e3o da diversidade.<\/p>\n\n\n\n<p><strong>Confira no Instagram<\/strong><\/p>\n\n\n\n<p>A programa\u00e7\u00e3o completa pode ser conferida no Instagram oficial&nbsp;<a rel=\"noreferrer noopener\" target=\"_blank\" href=\"https:\/\/na01.safelinks.protection.outlook.com\/?url=https%3A%2F%2Fwww.instagram.com%2Ffeiradeguste%3Figsh%3DMWRmdmVnOHhpOTJ0eA%3D%3D&amp;data=05%7C02%7C%7Cd55d1f5eed9047681d9508dd575ec483%7C84df9e7fe9f640afb435aaaaaaaaaaaa%7C1%7C0%7C638762786765006508%7CUnknown%7CTWFpbGZsb3d8eyJFbXB0eU1hcGkiOnRydWUsIlYiOiIwLjAuMDAwMCIsIlAiOiJXaW4zMiIsIkFOIjoiTWFpbCIsIldUIjoyfQ%3D%3D%7C0%7C%7C%7C&amp;sdata=pA1D1arn6TClV4Qs6H%2B3rqF11hKv6FuXnj3418NPQa4%3D&amp;reserved=0\">@feiradeguste<\/a><br>A Deguste Folia tem apoio da AMP, Instituto Vida Ativa, Secretaria de Turismo, TurisRio, Incentivo: Funarj; Apoio Institucional: Secretaria de Cultura e Economia Criativa, Governo do Rio de Janeiro e Prefeitura de Petr\u00f3polis.<\/p>\n\n\n\n<p>Foto: divulga\u00e7\u00e3o <\/p>\n","protected":false},"excerpt":{"rendered":"<p>A Deguste Folia continua neste final de semana, de 28 de fevereiro at\u00e9 04 de<\/p>\n","protected":false},"author":2,"featured_media":99912,"comment_status":"open","ping_status":"open","sticky":false,"template":"","format":"standard","meta":{"footnotes":""},"categories":[12],"tags":[],"class_list":["post-99911","post","type-post","status-publish","format-standard","has-post-thumbnail","hentry","category-cidade"],"_links":{"self":[{"href":"https:\/\/tvc16.com\/portal\/wp-json\/wp\/v2\/posts\/99911","targetHints":{"allow":["GET"]}}],"collection":[{"href":"https:\/\/tvc16.com\/portal\/wp-json\/wp\/v2\/posts"}],"about":[{"href":"https:\/\/tvc16.com\/portal\/wp-json\/wp\/v2\/types\/post"}],"author":[{"embeddable":true,"href":"https:\/\/tvc16.com\/portal\/wp-json\/wp\/v2\/users\/2"}],"replies":[{"embeddable":true,"href":"https:\/\/tvc16.com\/portal\/wp-json\/wp\/v2\/comments?post=99911"}],"version-history":[{"count":1,"href":"https:\/\/tvc16.com\/portal\/wp-json\/wp\/v2\/posts\/99911\/revisions"}],"predecessor-version":[{"id":99913,"href":"https:\/\/tvc16.com\/portal\/wp-json\/wp\/v2\/posts\/99911\/revisions\/99913"}],"wp:featuredmedia":[{"embeddable":true,"href":"https:\/\/tvc16.com\/portal\/wp-json\/wp\/v2\/media\/99912"}],"wp:attachment":[{"href":"https:\/\/tvc16.com\/portal\/wp-json\/wp\/v2\/media?parent=99911"}],"wp:term":[{"taxonomy":"category","embeddable":true,"href":"https:\/\/tvc16.com\/portal\/wp-json\/wp\/v2\/categories?post=99911"},{"taxonomy":"post_tag","embeddable":true,"href":"https:\/\/tvc16.com\/portal\/wp-json\/wp\/v2\/tags?post=99911"}],"curies":[{"name":"wp","href":"https:\/\/api.w.org\/{rel}","templated":true}]}}