{"id":99932,"date":"2025-02-28T09:06:00","date_gmt":"2025-02-28T12:06:00","guid":{"rendered":"https:\/\/tvc16.com\/portal\/?p=99932"},"modified":"2025-02-28T09:06:02","modified_gmt":"2025-02-28T12:06:02","slug":"inss-antecipa-pagamento-de-aposentados-e-pensionistas-em-marco","status":"publish","type":"post","link":"https:\/\/tvc16.com\/portal\/2025\/02\/28\/inss-antecipa-pagamento-de-aposentados-e-pensionistas-em-marco\/","title":{"rendered":"INSS antecipa pagamento de aposentados e pensionistas em mar\u00e7o"},"content":{"rendered":"\n<p><em>Benef\u00edcios dos dias 10, 11 e 12 ser\u00e3o pagos em 6 e 7 de mar\u00e7o<\/em><\/p>\n\n\n\n<p>Por Wellton M\u00e1ximo &#8211; Rep\u00f3rter da Ag\u00eancia Brasil \/ Foto: Jos\u00e9 Cruz\/Ag\u00eancia Brasil<\/p>\n\n\n\n<p><\/p>\n\n\n\n<p>Cerca de 15 milh\u00f5es de aposentados e pensionistas do Instituto Nacional do Seguro Social (INSS) ter\u00e3o o benef\u00edcio antecipado.<strong>&nbsp;Os pagamentos programados para 10, 11 e 12 de mar\u00e7o ser\u00e3o pagos em 6 e 7 de mar\u00e7o.<\/strong><img decoding=\"async\" src=\"https:\/\/agenciabrasil.ebc.com.br\/ebc.png?id=1632208&amp;o=node\"><img decoding=\"async\" src=\"https:\/\/agenciabrasil.ebc.com.br\/ebc.gif?id=1632208&amp;o=node\"><\/p>\n\n\n\n<p>Com a decis\u00e3o, o INSS terminar\u00e1 de pagar todos os 40,6 milh\u00f5es de benefici\u00e1rios at\u00e9 a primeira semana de mar\u00e7o. Em nota, o Pal\u00e1cio do Planalto informou que esta foi uma determina\u00e7\u00e3o do presidente Luiz In\u00e1cio Lula da Silva.<\/p>\n\n\n\n<p><strong>A medida beneficia os segurados com o cart\u00e3o de benef\u00edcio com n\u00famero final (sem o d\u00edgito verificador) 8, 9 e 0, no caso de quem recebe um sal\u00e1rio-m\u00ednimo. Entre quem recebe acima do m\u00ednimo, beneficiar\u00e1 os segurados com o d\u00edgito final 3 a 0.<\/strong><\/p>\n\n\n\n<p>A primeira etapa de pagamento, para quem recebe at\u00e9 um sal\u00e1rio m\u00ednimo, come\u00e7ou em 24 de fevereiro. A segunda etapa, para quem ganha acima do m\u00ednimo, come\u00e7ar\u00e1 no dia 6.<\/p>\n\n\n\n<p>A decis\u00e3o evita que o carnaval de 2025, que cai no in\u00edcio de mar\u00e7o, afete o pagamento de aposentadorias e pens\u00f5es. Por causa dos dias de feriado banc\u00e1rio, os benef\u00edcios previstos para 3 de mar\u00e7o em diante foram adiados, o que faria parte dos segurados receber o pagamento de fevereiro apenas na segunda semana de mar\u00e7o.<br><\/p>\n","protected":false},"excerpt":{"rendered":"<p>Benef\u00edcios dos dias 10, 11 e 12 ser\u00e3o pagos em 6 e 7 de mar\u00e7o<\/p>\n","protected":false},"author":2,"featured_media":99933,"comment_status":"open","ping_status":"open","sticky":false,"template":"","format":"standard","meta":{"footnotes":""},"categories":[17],"tags":[],"class_list":["post-99932","post","type-post","status-publish","format-standard","has-post-thumbnail","hentry","category-outras-noticias"],"_links":{"self":[{"href":"https:\/\/tvc16.com\/portal\/wp-json\/wp\/v2\/posts\/99932","targetHints":{"allow":["GET"]}}],"collection":[{"href":"https:\/\/tvc16.com\/portal\/wp-json\/wp\/v2\/posts"}],"about":[{"href":"https:\/\/tvc16.com\/portal\/wp-json\/wp\/v2\/types\/post"}],"author":[{"embeddable":true,"href":"https:\/\/tvc16.com\/portal\/wp-json\/wp\/v2\/users\/2"}],"replies":[{"embeddable":true,"href":"https:\/\/tvc16.com\/portal\/wp-json\/wp\/v2\/comments?post=99932"}],"version-history":[{"count":1,"href":"https:\/\/tvc16.com\/portal\/wp-json\/wp\/v2\/posts\/99932\/revisions"}],"predecessor-version":[{"id":99934,"href":"https:\/\/tvc16.com\/portal\/wp-json\/wp\/v2\/posts\/99932\/revisions\/99934"}],"wp:featuredmedia":[{"embeddable":true,"href":"https:\/\/tvc16.com\/portal\/wp-json\/wp\/v2\/media\/99933"}],"wp:attachment":[{"href":"https:\/\/tvc16.com\/portal\/wp-json\/wp\/v2\/media?parent=99932"}],"wp:term":[{"taxonomy":"category","embeddable":true,"href":"https:\/\/tvc16.com\/portal\/wp-json\/wp\/v2\/categories?post=99932"},{"taxonomy":"post_tag","embeddable":true,"href":"https:\/\/tvc16.com\/portal\/wp-json\/wp\/v2\/tags?post=99932"}],"curies":[{"name":"wp","href":"https:\/\/api.w.org\/{rel}","templated":true}]}}