{"id":99935,"date":"2025-02-28T09:08:22","date_gmt":"2025-02-28T12:08:22","guid":{"rendered":"https:\/\/tvc16.com\/portal\/?p=99935"},"modified":"2025-02-28T09:08:24","modified_gmt":"2025-02-28T12:08:24","slug":"saque-aniversario-futuros-demitidos-continuam-com-fgts-bloqueado","status":"publish","type":"post","link":"https:\/\/tvc16.com\/portal\/2025\/02\/28\/saque-aniversario-futuros-demitidos-continuam-com-fgts-bloqueado\/","title":{"rendered":"Saque-anivers\u00e1rio: futuros demitidos continuam com FGTS bloqueado"},"content":{"rendered":"\n<p><em>Libera\u00e7\u00e3o \u00e9 excepcional e s\u00f3 valer\u00e1 a dispensados at\u00e9 28 de fevereiro<\/em><\/p>\n\n\n\n<p>Por Wellton M\u00e1ximo &#8211; Rep\u00f3rter da Ag\u00eancia Brasil \/ Foto: Jo\u00e9dson Alves\/Ag\u00eancia Brasil<\/p>\n\n\n\n<p><\/p>\n\n\n\n<p><strong>O trabalhador demitido desde 2020 que aderiu ao saque-anivers\u00e1rio n\u00e3o ter\u00e1 de sair da modalidade para sacar o saldo retido do Fundo de Garantia do Tempo de Servi\u00e7o (FGTS),<\/strong>&nbsp;esclareceu nesta quinta-feira (27) o Pal\u00e1cio do Planalto. No entanto, quem for dispensado sem justa causa ap\u00f3s 28 de fevereiro continuar\u00e1 a ter os dep\u00f3sitos do empregador bloqueados, recebendo apenas a multa rescis\u00f3ria de 40%.<img decoding=\"async\" src=\"https:\/\/agenciabrasil.ebc.com.br\/ebc.png?id=1632175&amp;o=node\"><img decoding=\"async\" src=\"https:\/\/agenciabrasil.ebc.com.br\/ebc.gif?id=1632175&amp;o=node\"><\/p>\n\n\n\n<p>Havia d\u00favidas sobre se, com a publica\u00e7\u00e3o da medida provis\u00f3ria que&nbsp;<a href=\"https:\/\/agenciabrasil.ebc.com.br\/economia\/noticia\/2025-02\/governo-vai-liberar-saldo-do-fgts-quem-optou-por-saque-aniversario\" target=\"_blank\" rel=\"noreferrer noopener\">liberar\u00e1 cerca de 12 bilh\u00f5es de saldo<\/a>&nbsp;retido no FGTS, o benef\u00edcio valeria para futuros demitidos. A Secretaria de Comunica\u00e7\u00e3o Social (Secom) da Presid\u00eancia da Rep\u00fablica esclareceu que a libera\u00e7\u00e3o dos recursos \u00e9 excepcional e n\u00e3o vai alterar as demais regras do saque-anivers\u00e1rio.<\/p>\n\n\n\n<blockquote class=\"wp-block-quote is-layout-flow wp-block-quote-is-layout-flow\">\n<p>\u201cA medida provis\u00f3ria, que ser\u00e1 publicada nesta sexta-feira, 28 de fevereiro, n\u00e3o altera as regras do saque-anivers\u00e1rio, apenas viabiliza a libera\u00e7\u00e3o tempor\u00e1ria dos valores bloqueados. A libera\u00e7\u00e3o do saldo ocorre de forma excepcional e n\u00e3o altera a op\u00e7\u00e3o do trabalhador pelo saque-anivers\u00e1rio\u201d, publicou a Secom em comunicado.<\/p>\n<\/blockquote>\n\n\n\n<p>A pasta ressalta que, no entanto,&nbsp;<strong>ap\u00f3s 28 de fevereiro de 2025, aqueles que aderirem ao saque-anivers\u00e1rio e forem demitidos ter\u00e3o seus saldos bloqueados novamente,<\/strong>&nbsp;podendo sacar apenas a multa rescis\u00f3ria.<\/p>\n\n\n\n<h2 class=\"wp-block-heading\">Calend\u00e1rio<\/h2>\n\n\n\n<p>Segundo calend\u00e1rio divulgado na quinta-feira (26) pelo ministro do Trabalho, Luiz Marinho, o&nbsp;<strong>saldo retido ser\u00e1 liberado em duas etapas: uma para valores de at\u00e9 R$ 3 mil, ainda em mar\u00e7o; com a diferen\u00e7a acima de R$ 3 mil sendo liberada em junho.<\/strong><\/p>\n\n\n\n<h2 class=\"wp-block-heading\">As datas s\u00e3o as seguintes<\/h2>\n\n\n\n<p><strong>&gt;&gt;Valores at\u00e9 R$ 3 mil<\/strong><\/p>\n\n\n\n<p>\u2022 &nbsp; &nbsp; 6 de mar\u00e7o: nascidos em janeiro, fevereiro, mar\u00e7o e abril;<\/p>\n\n\n\n<p>\u2022 &nbsp; &nbsp; 7 de mar\u00e7o: nascidos em maio, junho, julho e agosto;<\/p>\n\n\n\n<p>\u2022 &nbsp; &nbsp; 10 de mar\u00e7o: nascidos em setembro, outubro, novembro e dezembro.<\/p>\n\n\n\n<p><strong>&gt;&gt;Valores acima de R$ 3 mil<\/strong><\/p>\n\n\n\n<p>\u2022 &nbsp; &nbsp; 17 de junho: nascidos janeiro, fevereiro, mar\u00e7o e abril;<\/p>\n\n\n\n<p>\u2022 &nbsp; &nbsp; 18 de junho: nascidos em maio, junho, julho e agosto;<\/p>\n\n\n\n<p>\u2022 &nbsp; &nbsp; 20 de junho: nascidos em setembro, outubro, novembro e dezembro.<\/p>\n\n\n\n<h2 class=\"wp-block-heading\">Retirada<\/h2>\n\n\n\n<p>Criado em 2019 e em vigor desde 2020, o&nbsp;<strong>saque-anivers\u00e1rio permite a retirada de parte do saldo de qualquer conta ativa ou inativa do fundo a cada ano, no m\u00eas de anivers\u00e1rio. Em troca, o trabalhador n\u00e3o poder\u00e1 sacar o valor depositado pela empresa em caso de demiss\u00e3o sem justa causa, apenas a multa rescis\u00f3ria de 40%.<\/strong><\/p>\n\n\n\n<p>O per\u00edodo de saques come\u00e7a no primeiro dia \u00fatil do m\u00eas de anivers\u00e1rio do trabalhador. Os valores ficam dispon\u00edveis at\u00e9 o \u00faltimo dia \u00fatil do segundo m\u00eas subsequente. Caso o dinheiro n\u00e3o seja retirado no prazo, volta para as contas do FGTS em nome do trabalhador.<br><\/p>\n","protected":false},"excerpt":{"rendered":"<p>Libera\u00e7\u00e3o \u00e9 excepcional e s\u00f3 valer\u00e1 a dispensados at\u00e9 28 de fevereiro Por Wellton M\u00e1ximo<\/p>\n","protected":false},"author":2,"featured_media":99936,"comment_status":"open","ping_status":"open","sticky":false,"template":"","format":"standard","meta":{"footnotes":""},"categories":[17],"tags":[],"class_list":["post-99935","post","type-post","status-publish","format-standard","has-post-thumbnail","hentry","category-outras-noticias"],"_links":{"self":[{"href":"https:\/\/tvc16.com\/portal\/wp-json\/wp\/v2\/posts\/99935","targetHints":{"allow":["GET"]}}],"collection":[{"href":"https:\/\/tvc16.com\/portal\/wp-json\/wp\/v2\/posts"}],"about":[{"href":"https:\/\/tvc16.com\/portal\/wp-json\/wp\/v2\/types\/post"}],"author":[{"embeddable":true,"href":"https:\/\/tvc16.com\/portal\/wp-json\/wp\/v2\/users\/2"}],"replies":[{"embeddable":true,"href":"https:\/\/tvc16.com\/portal\/wp-json\/wp\/v2\/comments?post=99935"}],"version-history":[{"count":1,"href":"https:\/\/tvc16.com\/portal\/wp-json\/wp\/v2\/posts\/99935\/revisions"}],"predecessor-version":[{"id":99937,"href":"https:\/\/tvc16.com\/portal\/wp-json\/wp\/v2\/posts\/99935\/revisions\/99937"}],"wp:featuredmedia":[{"embeddable":true,"href":"https:\/\/tvc16.com\/portal\/wp-json\/wp\/v2\/media\/99936"}],"wp:attachment":[{"href":"https:\/\/tvc16.com\/portal\/wp-json\/wp\/v2\/media?parent=99935"}],"wp:term":[{"taxonomy":"category","embeddable":true,"href":"https:\/\/tvc16.com\/portal\/wp-json\/wp\/v2\/categories?post=99935"},{"taxonomy":"post_tag","embeddable":true,"href":"https:\/\/tvc16.com\/portal\/wp-json\/wp\/v2\/tags?post=99935"}],"curies":[{"name":"wp","href":"https:\/\/api.w.org\/{rel}","templated":true}]}}