{"id":99938,"date":"2025-02-28T09:10:21","date_gmt":"2025-02-28T12:10:21","guid":{"rendered":"https:\/\/tvc16.com\/portal\/?p=99938"},"modified":"2025-02-28T09:10:24","modified_gmt":"2025-02-28T12:10:24","slug":"fiocruz-carnaval-pode-aumentar-casos-de-complicacoes-respiratorias","status":"publish","type":"post","link":"https:\/\/tvc16.com\/portal\/2025\/02\/28\/fiocruz-carnaval-pode-aumentar-casos-de-complicacoes-respiratorias\/","title":{"rendered":"Fiocruz: carnaval pode aumentar casos de complica\u00e7\u00f5es respirat\u00f3rias"},"content":{"rendered":"\n<p><em>Cuidado com crian\u00e7as e idosos deve ser refor\u00e7ado<\/em><\/p>\n\n\n\n<p>Por T\u00e2mara Freire \u2013 Rep\u00f3rter da Ag\u00eancia Brasil \/ Foto: Tomaz Silva\/Ag\u00eancia Brasil<\/p>\n\n\n\n<p><\/p>\n\n\n\n<p>\u00c0s v\u00e9speras do carnaval, nenhum estado brasileiro tem incid\u00eancia alta de casos de s\u00edndrome respirat\u00f3ria aguda grave (SRAG) causados por covid-19. Locais que registravam aumento da doen\u00e7a entre os idosos nas semanas anteriores, agora apresentam estabilidade ou oscila\u00e7\u00e3o. \u00c9 o caso de Amazonas, Roraima, Rond\u00f4nia, Par\u00e1, Maranh\u00e3o, Sergipe e Mato Grosso.<img decoding=\"async\" src=\"https:\/\/agenciabrasil.ebc.com.br\/ebc.png?id=1632169&amp;o=node\"><img decoding=\"async\" src=\"https:\/\/agenciabrasil.ebc.com.br\/ebc.gif?id=1632169&amp;o=node\"><\/p>\n\n\n\n<p>No entanto, o boletim Infogripe da Funda\u00e7\u00e3o Oswaldo Cruz (Fiocruz), que faz esse levantamento, alerta que&nbsp;<strong>a aglomera\u00e7\u00e3o de pessoas favorece a transmiss\u00e3o de v\u00edrus respirat\u00f3rios.<\/strong><\/p>\n\n\n\n<p><strong>Por isso, quem estiver com sintomas gripais como coriza, tosse ou febre, deve evitar participar de festas e procurar ajuda m\u00e9dica se estes ficarem mais graves.&nbsp;<\/strong>A recomenda\u00e7\u00e3o vale tamb\u00e9m para o per\u00edodo p\u00f3s-folia.&nbsp;<\/p>\n\n\n\n<p>Quem estiver com a vacina\u00e7\u00e3o contra a covid-19 atrasada, deve procurar um posto de sa\u00fade o mais r\u00e1pido poss\u00edvel. Atualmente, a vacina\u00e7\u00e3o b\u00e1sica \u00e9 feita em crian\u00e7as de 6 meses a menos de 5 anos, mas quem faz parte de grupos de risco, como idosos, gestantes e pessoas com defici\u00eancia ou comorbidades precisa de refor\u00e7os peri\u00f3dicos.&nbsp;<\/p>\n\n\n\n<p><strong>A SRAG ocorre quando h\u00e1 agravamento dos sintomas gripais, deixando o paciente com a fun\u00e7\u00e3o pulmonar comprometida. Geralmente, a s\u00edndrome demanda interna\u00e7\u00e3o e pode causar a morte, especialmente entre pessoas mais vulner\u00e1veis.<\/strong><\/p>\n\n\n\n<p>At\u00e9 o dia 22 deste m\u00eas, foram registrados cerca de 13,5 mil casos de SRAG no Brasil e mais de 2,2 mil tiveram diagn\u00f3stico confirmado de covid-19. A complica\u00e7\u00e3o respirat\u00f3ria tamb\u00e9m causou 1.194 mortes, sendo 466 ap\u00f3s infec\u00e7\u00e3o por coronav\u00edrus, ou 80,9% das que foram provocadas por algum v\u00edrus.<\/p>\n\n\n\n<h2 class=\"wp-block-heading\">Crian\u00e7as<\/h2>\n\n\n\n<p>Os dados do boletim tamb\u00e9m refor\u00e7am a preocupa\u00e7\u00e3o com crian\u00e7as e adolescentes.&nbsp;<strong>Ap\u00f3s a volta \u00e0s aulas, os casos de SRAG cresceram em pessoas de at\u00e9 14 anos&nbsp;<\/strong>e na \u00faltima semana analisada, sete unidades da federa\u00e7\u00e3o permanecem com esse quadro: Acre, Par\u00e1, Roraima, Tocantins, Sergipe, Goi\u00e1s e Distrito Federal.&nbsp;<\/p>\n\n\n\n<p>Em Goi\u00e1s e no DF, j\u00e1 se sabe que grande parte dos casos foram causados pelo v\u00edrus sincicial respirat\u00f3rio &#8211; VSR, que evolui com gravidade especialmente entre os menores de 2 anos. Nos outros locais, os dados n\u00e3o s\u00e3o suficientes para identificar o v\u00edrus respons\u00e1vel. De maneira geral no Brasil, nas \u00faltimas quatro semanas, entre os casos com diagn\u00f3stico positivo para v\u00edrus, 45,3% foram causados por covid, 21,2% por rinov\u00edrus e 19,3% por VSR.&nbsp;<\/p>\n\n\n\n<p>Al\u00e9m disso, em nove estados, a incid\u00eancia de SRAG nessa faixa et\u00e1ria ainda \u00e9 considerada baixa, mas apresenta tend\u00eancia de crescimento: Minas Gerais, S\u00e3o Paulo, Esp\u00edrito Santo, Rio de Janeiro, Paran\u00e1, Mato Grosso do Sul, Bahia, Cear\u00e1 e Para\u00edba.<br><\/p>\n","protected":false},"excerpt":{"rendered":"<p>Cuidado com crian\u00e7as e idosos deve ser refor\u00e7ado Por T\u00e2mara Freire \u2013 Rep\u00f3rter da Ag\u00eancia<\/p>\n","protected":false},"author":2,"featured_media":99939,"comment_status":"open","ping_status":"open","sticky":false,"template":"","format":"standard","meta":{"footnotes":""},"categories":[17],"tags":[],"class_list":["post-99938","post","type-post","status-publish","format-standard","has-post-thumbnail","hentry","category-outras-noticias"],"_links":{"self":[{"href":"https:\/\/tvc16.com\/portal\/wp-json\/wp\/v2\/posts\/99938","targetHints":{"allow":["GET"]}}],"collection":[{"href":"https:\/\/tvc16.com\/portal\/wp-json\/wp\/v2\/posts"}],"about":[{"href":"https:\/\/tvc16.com\/portal\/wp-json\/wp\/v2\/types\/post"}],"author":[{"embeddable":true,"href":"https:\/\/tvc16.com\/portal\/wp-json\/wp\/v2\/users\/2"}],"replies":[{"embeddable":true,"href":"https:\/\/tvc16.com\/portal\/wp-json\/wp\/v2\/comments?post=99938"}],"version-history":[{"count":1,"href":"https:\/\/tvc16.com\/portal\/wp-json\/wp\/v2\/posts\/99938\/revisions"}],"predecessor-version":[{"id":99940,"href":"https:\/\/tvc16.com\/portal\/wp-json\/wp\/v2\/posts\/99938\/revisions\/99940"}],"wp:featuredmedia":[{"embeddable":true,"href":"https:\/\/tvc16.com\/portal\/wp-json\/wp\/v2\/media\/99939"}],"wp:attachment":[{"href":"https:\/\/tvc16.com\/portal\/wp-json\/wp\/v2\/media?parent=99938"}],"wp:term":[{"taxonomy":"category","embeddable":true,"href":"https:\/\/tvc16.com\/portal\/wp-json\/wp\/v2\/categories?post=99938"},{"taxonomy":"post_tag","embeddable":true,"href":"https:\/\/tvc16.com\/portal\/wp-json\/wp\/v2\/tags?post=99938"}],"curies":[{"name":"wp","href":"https:\/\/api.w.org\/{rel}","templated":true}]}}