{"id":99941,"date":"2025-02-28T10:38:57","date_gmt":"2025-02-28T13:38:57","guid":{"rendered":"https:\/\/tvc16.com\/portal\/?p=99941"},"modified":"2025-02-28T10:38:58","modified_gmt":"2025-02-28T13:38:58","slug":"petropolitana-angela-azevedo-e-convocada-para-selecao-brasileira-de-taekwondo","status":"publish","type":"post","link":"https:\/\/tvc16.com\/portal\/2025\/02\/28\/petropolitana-angela-azevedo-e-convocada-para-selecao-brasileira-de-taekwondo\/","title":{"rendered":"Petropolitana \u00c2ngela Azevedo \u00e9 convocada para sele\u00e7\u00e3o brasileira de Taekwondo"},"content":{"rendered":"\n<p><em>Por Gabriel Rattes<\/em><\/p>\n\n\n\n<p>A atleta petropolitana de apenas 15 anos, \u00c2ngela Azevedo, foi convocada para ser a titular da sele\u00e7\u00e3o brasileira de taekwondo. A vaga foi conquistada ap\u00f3s vencer, no domingo (21), o Grand Slam da modalidade na Arena Carioca 1, no Rio de Janeiro. \u00c2ngela, que representa a academia de lutas Team Lacerda, competiu na categoria juvenil at\u00e9 68 quilos. Disputou duas lutas, vencendo ambas, uma delas contra a titular da categoria em 2024. Victor Sabadini Lacerda &#8211; mestre de \u00c2ngela &#8211; esteve como treinador na competi\u00e7\u00e3o. Agora, o pr\u00f3ximo desafio da atleta, j\u00e1 representando o Brasil, ser\u00e1 o Campeonato Pan Americano 2025, previsto para acontecer de 03 a 06 de abril de 2025 na cidade de Quer\u00e9taro, no M\u00e9xico.<\/p>\n\n\n\n<p>&#8220;Foi um trabalho duro, treinamos muito para conseguir a classifica\u00e7\u00e3o. Desde de setembro do ano passado a gente vem treinando muito para conseguir vencer. Entrar para sele\u00e7\u00e3o e ir agora pro Pan Americano \u00e9 a realiza\u00e7\u00e3o de um sonho. Praticamente todos os atletas que competem querem chegar nesse n\u00edvel. E eu conseguir chegar nesse n\u00edvel \u00e9 um sentimento inexplic\u00e1vel, muito bom mesmo&#8221;, enfatizou \u00c2ngela em uma entrevista especial ao Correio Petropolitano.<\/p>\n\n\n\n<p><strong>Hist\u00f3ria de supera\u00e7\u00e3o<\/strong><\/p>\n\n\n\n<p>A hist\u00f3ria de Angela com o Taekwondo come\u00e7ou atrav\u00e9s do Projeto Esperan\u00e7a, iniciativa no qual ofereceu assist\u00eancia para as fam\u00edlias v\u00edtimas das chuvas em 2022. &#8220;Quando aconteceu as chuvas aqui em Petr\u00f3polis eu morava em um bairro que foi muito afetado. A Igreja Catedral Metodista ent\u00e3o come\u00e7ou um projeto para ajudar as pessoas que foram afetadas. Eu comecei a participar desse projeto e l\u00e1 eu comecei a praticar lutas com o professor Victor. Com o passar do tempo eu me desenvolvi muito bem e consegui uma vaga para representar a Team Lacerda nas competi\u00e7\u00f5es. Comecei no Kickboxing, depois com o tempo fui aprendendo sobre o Taekwondo, gostei muito, e me apaixonei pelo esporte&#8221;, explicou Azevedo.<\/p>\n\n\n\n<p>Josiel Martins Francisco \u00e9 petropolitano e pai de \u00c2ngela. Para ele, poder acompanhar a filha conquistando tantos t\u00edtulos t\u00e3o cedo \u00e9 uma sensa\u00e7\u00e3o inexplic\u00e1vel. &#8220;Voc\u00ea imagina um pai vendo o sonho da filha se realizando. Quando os nossos filhos se realizam, a gente tamb\u00e9m se realiza.Tanto profissionalmente, quanto se divertindo no que for. A gente v\u00ea que quando ela vai para as competi\u00e7\u00f5es vai com o intuito de se divertir. Isso \u00e9 bom, porque tira a press\u00e3o das competi\u00e7\u00f5es. Ela vai se divertir e atrav\u00e9s disso coloca em pr\u00e1tica tudo o que \u00e9 treinado aqui na academia&#8221;, enfatizou Josiel.<\/p>\n\n\n\n<p><strong>Vaga para a sele\u00e7\u00e3o brasileira<\/strong><\/p>\n\n\n\n<p>Entre os dias 20 e 23 de fevereiro, foi realizado o Grand Slam de Taekwondo, competi\u00e7\u00e3o que definiu os atletas que comp\u00f5em a Sele\u00e7\u00e3o Brasileira nas categorias infantil, cadete, j\u00fanior, adulto e master nas modalidades Kyorugui e Poomsae para a temporada de 2025. O evento contou com a participa\u00e7\u00e3o dos principais nomes da modalidade. Com o fim do Grand Slam, a Sele\u00e7\u00e3o Brasileira de Taekwondo est\u00e1 oficialmente formada, pronta para encarar os desafios da temporada. Dentre eles, o Campeonato Pan Americano Cadete 2025, previsto para acontecer de 03 a 06 de abril de 2025 na cidade de Quer\u00e9taro, M\u00e9xico.<\/p>\n\n\n\n<p>\u00c2ngela foi convocada pela Confedera\u00e7\u00e3o Brasileira de Taekwondo (CBTKD) para representar o pa\u00eds na categoria j\u00fanior, acima de 68 quilos. A Confedera\u00e7\u00e3o arcar\u00e1 com todos os custos da mencionada viagem, incluindo passagem a\u00e9rea, hospedagem, alimenta\u00e7\u00e3o, inscri\u00e7\u00e3o, seguro viagem e transporte terrestre em Quer\u00e9taro.<\/p>\n\n\n\n<p>&#8220;A \u00c2ngela vem se destacando nas competi\u00e7\u00f5es nos \u00faltimos dois anos. Em 2024, ela terminou o ano em primeiro lugar no ranking nacional e conquistou a faixa preta. E esse ano disputou o Grand Slam e conseguiu a vaga para a sele\u00e7\u00e3o brasileira como titular. Ent\u00e3o, isso traz muita visibilidade para a academia e tamb\u00e9m mostra a for\u00e7a da nossa escola, a uni\u00e3o da nossa escola e a forma que a gente trabalha para conseguir chegar at\u00e9 esse n\u00edvel, que \u00e9 uma coisa muito dif\u00edcil&#8221;, disse o treinador Victor Lacerda.<\/p>\n\n\n\n<p>O s\u00f3cio propriet\u00e1rio da Academia tamb\u00e9m enfatizou o sentimento de poder participar de uma competi\u00e7\u00e3o de alto n\u00edvel, o Pan Americano, no M\u00e9xico. &#8220;Uma alegria grande, porque a gente vem desenvolvendo um trabalho h\u00e1 muito tempo. Eu sou atleta desde quando eu nasci praticamente, fui criado no ber\u00e7o das artes marciais, mas eu dou aula desde 2015, h\u00e1 10 anos. A gente vem construindo um trabalho com v\u00e1rios atletas, vem melhorando a estrutura da academia, estrutura de treino e buscando conhecimento. Conseguir trazer uma atleta nesse n\u00edvel \u00e9 um sonho, uma realiza\u00e7\u00e3o muito grande pessoal para mim&#8221;, finalizou.<\/p>\n","protected":false},"excerpt":{"rendered":"<p>Por Gabriel Rattes A atleta petropolitana de apenas 15 anos, \u00c2ngela Azevedo, foi convocada para<\/p>\n","protected":false},"author":2,"featured_media":99942,"comment_status":"open","ping_status":"open","sticky":false,"template":"","format":"standard","meta":{"footnotes":""},"categories":[12],"tags":[],"class_list":["post-99941","post","type-post","status-publish","format-standard","has-post-thumbnail","hentry","category-cidade"],"_links":{"self":[{"href":"https:\/\/tvc16.com\/portal\/wp-json\/wp\/v2\/posts\/99941","targetHints":{"allow":["GET"]}}],"collection":[{"href":"https:\/\/tvc16.com\/portal\/wp-json\/wp\/v2\/posts"}],"about":[{"href":"https:\/\/tvc16.com\/portal\/wp-json\/wp\/v2\/types\/post"}],"author":[{"embeddable":true,"href":"https:\/\/tvc16.com\/portal\/wp-json\/wp\/v2\/users\/2"}],"replies":[{"embeddable":true,"href":"https:\/\/tvc16.com\/portal\/wp-json\/wp\/v2\/comments?post=99941"}],"version-history":[{"count":1,"href":"https:\/\/tvc16.com\/portal\/wp-json\/wp\/v2\/posts\/99941\/revisions"}],"predecessor-version":[{"id":99943,"href":"https:\/\/tvc16.com\/portal\/wp-json\/wp\/v2\/posts\/99941\/revisions\/99943"}],"wp:featuredmedia":[{"embeddable":true,"href":"https:\/\/tvc16.com\/portal\/wp-json\/wp\/v2\/media\/99942"}],"wp:attachment":[{"href":"https:\/\/tvc16.com\/portal\/wp-json\/wp\/v2\/media?parent=99941"}],"wp:term":[{"taxonomy":"category","embeddable":true,"href":"https:\/\/tvc16.com\/portal\/wp-json\/wp\/v2\/categories?post=99941"},{"taxonomy":"post_tag","embeddable":true,"href":"https:\/\/tvc16.com\/portal\/wp-json\/wp\/v2\/tags?post=99941"}],"curies":[{"name":"wp","href":"https:\/\/api.w.org\/{rel}","templated":true}]}}