{"id":99944,"date":"2025-02-28T10:39:46","date_gmt":"2025-02-28T13:39:46","guid":{"rendered":"https:\/\/tvc16.com\/portal\/?p=99944"},"modified":"2025-02-28T10:39:48","modified_gmt":"2025-02-28T13:39:48","slug":"justica-reconhece-renovacao-de-contrato-da-br-040-com-a-concer","status":"publish","type":"post","link":"https:\/\/tvc16.com\/portal\/2025\/02\/28\/justica-reconhece-renovacao-de-contrato-da-br-040-com-a-concer\/","title":{"rendered":"Justi\u00e7a reconhece renova\u00e7\u00e3o de contrato da BR-040 com a Concer"},"content":{"rendered":"\n<p><em>Por Hugo Petersen<\/em><\/p>\n\n\n\n<p>A Triunfo Participa\u00e7\u00f5es e Investimentos (TPI) e a coligada Concer divulgaram uma decis\u00e3o judicial que reconhece a possibilidade de renova\u00e7\u00e3o do contrato de concess\u00e3o da companhia como respons\u00e1vel pela BR-040. O documento foi direcionado aos investidores e ao mercado financeiro. Mesmo com a decis\u00e3o, a Ag\u00eancia Nacional de Transportes Terrestres (ANTT) afirmou ao Correio Petropolitano que a decis\u00e3o n\u00e3o vai afetar o leil\u00e3o da licita\u00e7\u00e3o marcado para 30 de abril.<\/p>\n\n\n\n<p>De acordo com o processo, a decis\u00e3o \u00e9 resposta a um recurso da Concer no Tribunal Regional Federal da 2\u00aa Regi\u00e3o e foi tomada visando o reequil\u00edbrio econ\u00f4mico\u2014financeiro, depois da an\u00e1lise de um termo aditivo assinado entre a concession\u00e1ria e a Uni\u00e3o em 2014.<\/p>\n\n\n\n<p>A nova decis\u00e3o reformou a senten\u00e7a de primeira inst\u00e2ncia e afastou as condena\u00e7\u00f5es anteriormente impostas, reconhecendo:<\/p>\n\n\n\n<p>1 &#8211; A validade do projeto executivo das obras da nova subida da serra, pois foram regularmente aprovados pela ANTT, observando os tr\u00e2mites administrativos e t\u00e9cnicos necess\u00e1rios;<\/p>\n\n\n\n<p>2 &#8211; Que o contrato de concess\u00e3o de rodovias, dada sua natureza de longo prazo, admite ajustes e revis\u00f5es para atender ao interesse p\u00fablico, sendo leg\u00edtima a mutabilidade contratual;<\/p>\n\n\n\n<p>3- Que a Lei de Concess\u00f5es prev\u00ea a possibilidade de adapta\u00e7\u00e3o dos contratos de concess\u00e3o sem a necessidade de nova licita\u00e7\u00e3o, desde que respeitado o objeto da contrata\u00e7\u00e3o e observados os requisitos legais e o interesse p\u00fablico. Nesse contexto, s\u00e3o inaplic\u00e1veis as limita\u00e7\u00f5es estabelecidas pelo art. 65 da Lei N\u00ba8.666\/1993;<\/p>\n\n\n\n<p>4- Que a prorroga\u00e7\u00e3o da concess\u00e3o pode ser utilizada como mecanismo de recomposi\u00e7\u00e3o do equil\u00edbrio econ\u00f4mico-financeiro do contrato, e que a extens\u00e3o do prazo da concess\u00e3o n\u00e3o configura renova\u00e7\u00e3o de outorga, mas sim um instrumento para viabilizar a execu\u00e7\u00e3o do contrato e evitar tarifas excessivamente elevadas.<\/p>\n\n\n\n<p>5- A validade do 12\u00ba Termo Aditivo ao Contrato de Concess\u00e3o, considerando inclusive que a administra\u00e7\u00e3o p\u00fablica, por meio de parecer da Advocacia-Geral da Uni\u00e3o, reconheceu a regularidade e necessidade de formaliza\u00e7\u00e3o do referido termo aditivo.<\/p>\n\n\n\n<p>Na decis\u00e3o ainda \u00e9 dito que a companhia permanece confiante no poder judici\u00e1rio, e de que as garantias fundamentais do processo v\u00e3o trazer a seguran\u00e7a jur\u00eddica necess\u00e1ria aos investimentos realizados pela Concer no \u00e2mbito do 12\u00ba Termo Aditivo, que n\u00e3o foram adimplidos pelo poder concedente.<\/p>\n\n\n\n<p><strong>Leil\u00e3o para concess\u00e3o da BR-040<\/strong><\/p>\n\n\n\n<p>Mesmo com a tomada desta Decis\u00e3o Judicial, a Ag\u00eancia Nacional de Tr\u00e2nsito e Transportes (ANTT) afirma que a decis\u00e3o n\u00e3o vai impactar a realiza\u00e7\u00e3o do certame referente \u00e0 concess\u00e3o, e por isso o leil\u00e3o seguir\u00e1 o cronograma estabelecido no edital, marcado para 30 de abril. A ag\u00eancia ainda afirma que vai se manifestar sobre a decis\u00e3o perante o tribunal.<\/p>\n\n\n\n<p><strong>Concer e Minist\u00e9rio dos Transportes<\/strong><\/p>\n\n\n\n<p>Questionada pelo correio Petropolitano, a Concer n\u00e3o se pronunciou sobre a decis\u00e3o judicial, at\u00e9 o fechamento desta edi\u00e7\u00e3o. O Minist\u00e9rio dos Transportes tamb\u00e9m n\u00e3o deu um parecer sobre o leil\u00e3o de licita\u00e7\u00e3o da rodovia.<\/p>\n","protected":false},"excerpt":{"rendered":"<p>Por Hugo Petersen A Triunfo Participa\u00e7\u00f5es e Investimentos (TPI) e a coligada Concer divulgaram uma<\/p>\n","protected":false},"author":2,"featured_media":99945,"comment_status":"open","ping_status":"open","sticky":false,"template":"","format":"standard","meta":{"footnotes":""},"categories":[12],"tags":[],"class_list":["post-99944","post","type-post","status-publish","format-standard","has-post-thumbnail","hentry","category-cidade"],"_links":{"self":[{"href":"https:\/\/tvc16.com\/portal\/wp-json\/wp\/v2\/posts\/99944","targetHints":{"allow":["GET"]}}],"collection":[{"href":"https:\/\/tvc16.com\/portal\/wp-json\/wp\/v2\/posts"}],"about":[{"href":"https:\/\/tvc16.com\/portal\/wp-json\/wp\/v2\/types\/post"}],"author":[{"embeddable":true,"href":"https:\/\/tvc16.com\/portal\/wp-json\/wp\/v2\/users\/2"}],"replies":[{"embeddable":true,"href":"https:\/\/tvc16.com\/portal\/wp-json\/wp\/v2\/comments?post=99944"}],"version-history":[{"count":1,"href":"https:\/\/tvc16.com\/portal\/wp-json\/wp\/v2\/posts\/99944\/revisions"}],"predecessor-version":[{"id":99946,"href":"https:\/\/tvc16.com\/portal\/wp-json\/wp\/v2\/posts\/99944\/revisions\/99946"}],"wp:featuredmedia":[{"embeddable":true,"href":"https:\/\/tvc16.com\/portal\/wp-json\/wp\/v2\/media\/99945"}],"wp:attachment":[{"href":"https:\/\/tvc16.com\/portal\/wp-json\/wp\/v2\/media?parent=99944"}],"wp:term":[{"taxonomy":"category","embeddable":true,"href":"https:\/\/tvc16.com\/portal\/wp-json\/wp\/v2\/categories?post=99944"},{"taxonomy":"post_tag","embeddable":true,"href":"https:\/\/tvc16.com\/portal\/wp-json\/wp\/v2\/tags?post=99944"}],"curies":[{"name":"wp","href":"https:\/\/api.w.org\/{rel}","templated":true}]}}