{"id":99947,"date":"2025-02-28T10:40:26","date_gmt":"2025-02-28T13:40:26","guid":{"rendered":"https:\/\/tvc16.com\/portal\/?p=99947"},"modified":"2025-02-28T10:40:28","modified_gmt":"2025-02-28T13:40:28","slug":"onibus-da-guarda-civil-e-instalado-no-terminal-do-centro","status":"publish","type":"post","link":"https:\/\/tvc16.com\/portal\/2025\/02\/28\/onibus-da-guarda-civil-e-instalado-no-terminal-do-centro\/","title":{"rendered":"\u00d4nibus da Guarda Civil \u00e9 instalado no Terminal do Centro"},"content":{"rendered":"\n<p>O \u00f4nibus da Guarda Civil Municipal agora est\u00e1 baseado no Terminal do Centro. A mudan\u00e7a tem o objetivo de refor\u00e7ar a presen\u00e7a da corpora\u00e7\u00e3o no local, ampliando a seguran\u00e7a na regi\u00e3o e oferecendo suporte mais pr\u00f3ximo \u00e0 popula\u00e7\u00e3o.<\/p>\n\n\n\n<p>Durante patrulhamento no terminal, agentes da Guarda Civil identificaram um homem em atitude suspeita. Ao realizarem a abordagem, encontraram com ele uma grande quantidade de drogas e dinheiro, supostamente proveniente da venda dos entorpecentes.<\/p>\n\n\n\n<p>O suspeito, morador de Teres\u00f3polis, foi detido e encaminhado \u00e0 105\u00aa Delegacia de Pol\u00edcia, no Retiro. O material apreendido tamb\u00e9m foi levado \u00e0s autoridades para registro da ocorr\u00eancia e continuidade das investiga\u00e7\u00f5es.<\/p>\n\n\n\n<p>A nova base da Guarda Civil no Terminal do Centro faz parte de um conjunto de medidas voltadas \u00e0 seguran\u00e7a p\u00fablica. Segundo a Prefeitura, o objetivo \u00e9 ampliar a atua\u00e7\u00e3o dos agentes e oferecer um ponto de apoio acess\u00edvel para a popula\u00e7\u00e3o. Al\u00e9m da presen\u00e7a fixa no terminal, a Guarda Civil mant\u00e9m patrulhamentos em outros pontos da cidade, intensificando as a\u00e7\u00f5es para coibir atividades criminosas e refor\u00e7ar a sensa\u00e7\u00e3o de seguran\u00e7a.<\/p>\n\n\n\n<p>A popula\u00e7\u00e3o pode acionar a Guarda Civil pelo telefone 153 para den\u00fancias ou mais informa\u00e7\u00f5es sobre a atua\u00e7\u00e3o da corpora\u00e7\u00e3o.<\/p>\n","protected":false},"excerpt":{"rendered":"<p>O \u00f4nibus da Guarda Civil Municipal agora est\u00e1 baseado no Terminal do Centro. A mudan\u00e7a<\/p>\n","protected":false},"author":2,"featured_media":99948,"comment_status":"open","ping_status":"open","sticky":false,"template":"","format":"standard","meta":{"footnotes":""},"categories":[12],"tags":[],"class_list":["post-99947","post","type-post","status-publish","format-standard","has-post-thumbnail","hentry","category-cidade"],"_links":{"self":[{"href":"https:\/\/tvc16.com\/portal\/wp-json\/wp\/v2\/posts\/99947","targetHints":{"allow":["GET"]}}],"collection":[{"href":"https:\/\/tvc16.com\/portal\/wp-json\/wp\/v2\/posts"}],"about":[{"href":"https:\/\/tvc16.com\/portal\/wp-json\/wp\/v2\/types\/post"}],"author":[{"embeddable":true,"href":"https:\/\/tvc16.com\/portal\/wp-json\/wp\/v2\/users\/2"}],"replies":[{"embeddable":true,"href":"https:\/\/tvc16.com\/portal\/wp-json\/wp\/v2\/comments?post=99947"}],"version-history":[{"count":1,"href":"https:\/\/tvc16.com\/portal\/wp-json\/wp\/v2\/posts\/99947\/revisions"}],"predecessor-version":[{"id":99949,"href":"https:\/\/tvc16.com\/portal\/wp-json\/wp\/v2\/posts\/99947\/revisions\/99949"}],"wp:featuredmedia":[{"embeddable":true,"href":"https:\/\/tvc16.com\/portal\/wp-json\/wp\/v2\/media\/99948"}],"wp:attachment":[{"href":"https:\/\/tvc16.com\/portal\/wp-json\/wp\/v2\/media?parent=99947"}],"wp:term":[{"taxonomy":"category","embeddable":true,"href":"https:\/\/tvc16.com\/portal\/wp-json\/wp\/v2\/categories?post=99947"},{"taxonomy":"post_tag","embeddable":true,"href":"https:\/\/tvc16.com\/portal\/wp-json\/wp\/v2\/tags?post=99947"}],"curies":[{"name":"wp","href":"https:\/\/api.w.org\/{rel}","templated":true}]}}